{"id":46301,"date":"2025-07-24T12:05:20","date_gmt":"2025-07-24T10:05:20","guid":{"rendered":"https:\/\/www.paysdesecrins.com\/der-herbst-in-den-faellen\/"},"modified":"2025-08-04T15:06:41","modified_gmt":"2025-08-04T13:06:41","slug":"der-herbst-in-den-faellen","status":"publish","type":"post","link":"https:\/\/www.paysdesecrins.com\/de\/der-herbst-in-den-faellen\/","title":{"rendered":"Der Herbst in den F\u00e4llen"},"content":{"rendered":"    <div class=\"alignfull wp-block-ws-library-ws-header-interne\">\n\t    <div class=\"header-container\">\n\t        <div class=\"group-media has-image\">\n\t            \t                <img loading=\"lazy\" decoding=\"async\" width=\"1200\" height=\"675\" src=\"https:\/\/www.paysdesecrins.com\/wp-content\/uploads\/2025\/07\/1608201002-1750653967-1.jpg\" alt=\"\" class=\"image_large_square wp-image-41649\" srcset=\"https:\/\/www.paysdesecrins.com\/wp-content\/uploads\/2025\/07\/1608201002-1750653967-1.jpg 1200w, https:\/\/www.paysdesecrins.com\/wp-content\/uploads\/2025\/07\/1608201002-1750653967-1-300x169.jpg 300w, https:\/\/www.paysdesecrins.com\/wp-content\/uploads\/2025\/07\/1608201002-1750653967-1-1024x576.jpg 1024w, https:\/\/www.paysdesecrins.com\/wp-content\/uploads\/2025\/07\/1608201002-1750653967-1-768x432.jpg 768w, https:\/\/www.paysdesecrins.com\/wp-content\/uploads\/2025\/07\/1608201002-1750653967-1-960x540.jpg 960w\" sizes=\"auto, (max-width: 1200px) 100vw, 1200px\" \/>\n\t            \t        <\/div>\n\t        <div class=\"group-content\">\n\t            <div class=\"title\">\n\t                <h1>\n\t                    Der Herbst in den F\u00e4llen\t                    \t                <\/h1>\n\t            <\/div>\n\t        <\/div>\n\t    <\/div>\n\t    \n<div class=\"yoast-breadcrumbs\"><span><span><a href=\"https:\/\/www.paysdesecrins.com\/de\/der-titel-des-hauses\/\">Accueil<\/a><\/span>  <span class=\"breadcrumb_last\" aria-current=\"page\">Der Herbst in den F\u00e4llen<\/span><\/span><\/div>\n    <\/div>\n    \n<div class=\"wp-block-ws-library-ws-title aligncenter is-style-simple\"><h2><em>Land der Juwelen<\/em>Der Herbst und seine leuchtenden Farben<\/h2><\/div>\n\n<p class=\"has-text-align-left\">Die Sommersaison neigt sich dem Ende zu, die Vegetation des <strong>Pays des \u00c9crins<\/strong> wird bald ihren Sommerschmuck und das Gr\u00fcn der Bergweiden verlassen, um sich in ihre <strong>extravaganten Herbstfarben<\/strong> zu kleiden. Es ist ein wahres Fest der Farben, bei dem die Landschaften bald <strong>in Oranget\u00f6ne<\/strong> mit <strong>goldener Leuchtkraft<\/strong> getaucht werden. Etwas sp\u00e4ter in der Saison werden die ersten wei\u00dfen Flecken auf die Oberseiten gestreut, um ein noch farbenfroheres Dekor zu erhalten. Die Pilze werden sich unter den abgefallenen Bl\u00e4ttern ihren Weg bahnen und die Herbstpflanzen werden die Sommerpflanzen ersetzen.   <\/p>\n\n<p>Was die Tierwelt betrifft, so ist es bald an der Zeit, dass die Murmeltiere ihre Vorr\u00e4te f\u00fcr diesen Winter vorbereiten, w\u00e4hrend die G\u00e4msen nach und nach in die Talsohlen zur\u00fcckkehren.<\/p>\n\n<p><strong>Und wie k\u00f6nnen wir bei all dem ein so sch\u00f6nes buntes Schauspiel genie\u00dfen?<\/strong><\/p>\n\n<div class=\"wp-block-ws-library-ws-slider alignfull\"><div class=\"splide\" data-splide=\"{\"type\":\"slide\",\"heightRatio\":\"auto\",\"perPage\":4,\"perMove\":1,\"drag\":true,\"pagination\":0,\"autoplay\":false,\"gap\":\"2px\",\"breakpoints\":{\"450\":{\"perPage\":1},\"768\":{\"perPage\":2},\"992\":{\"perPage\":3},\"1200\":{\"perPage\":4}}}\"><div class=\"splide__track\"><div class=\"splide__list\"><div class=\"splide__slide\"><a href=\"https:\/\/www.paysdesecrins.com\/wp-content\/uploads\/2025\/07\/1608201002-287024382-400x400.jpg\" data-glightbox=\"true\" class=\"lightbox-trigger\"><img decoding=\"async\" src=\"https:\/\/www.paysdesecrins.com\/wp-content\/uploads\/2025\/07\/1608201002-287024382-400x400.jpg\" alt=\"\"><\/a><\/div><div class=\"splide__slide\"><a href=\"https:\/\/www.paysdesecrins.com\/wp-content\/uploads\/2025\/07\/1608201002-316353382-400x400.jpg\" data-glightbox=\"true\" class=\"lightbox-trigger\"><img decoding=\"async\" src=\"https:\/\/www.paysdesecrins.com\/wp-content\/uploads\/2025\/07\/1608201002-316353382-400x400.jpg\" alt=\"\"><\/a><\/div><div class=\"splide__slide\"><a href=\"https:\/\/www.paysdesecrins.com\/wp-content\/uploads\/2025\/07\/1608201002-322243348-400x400.jpg\" data-glightbox=\"true\" class=\"lightbox-trigger\"><img decoding=\"async\" src=\"https:\/\/www.paysdesecrins.com\/wp-content\/uploads\/2025\/07\/1608201002-322243348-400x400.jpg\" alt=\"\"><\/a><\/div><div class=\"splide__slide\"><a href=\"https:\/\/www.paysdesecrins.com\/wp-content\/uploads\/2025\/07\/1608201002-874316970-400x400.jpg\" data-glightbox=\"true\" class=\"lightbox-trigger\"><img decoding=\"async\" src=\"https:\/\/www.paysdesecrins.com\/wp-content\/uploads\/2025\/07\/1608201002-874316970-400x400.jpg\" alt=\"\"><\/a><\/div><div class=\"splide__slide\"><a href=\"https:\/\/www.paysdesecrins.com\/wp-content\/uploads\/2025\/07\/1608201002-1465694179-400x400.jpg\" data-glightbox=\"true\" class=\"lightbox-trigger\"><img decoding=\"async\" src=\"https:\/\/www.paysdesecrins.com\/wp-content\/uploads\/2025\/07\/1608201002-1465694179-400x400.jpg\" alt=\"\"><\/a><\/div><\/div><\/div><\/div><\/div>\n\n<div class=\"wp-block-ws-library-ws-title aligncenter\"><h3><em>Was kann man <\/em> im Herbst unternehmen&#8230;<\/h3><\/div>\n\n<p><strong>Wandern<\/strong><\/p>\n\n<p>Was gibt es Sch\u00f6neres als einen Wanderausflug, um all diese farbenfrohen Landschaften in vollen Z\u00fcgen genie\u00dfen zu k\u00f6nnen? Naturliebhaber k\u00f6nnen sich die Zeit nehmen, herrliche Panoramen zu betrachten und dabei die Vorteile des Wanderns zu genie\u00dfen. <\/p>\n\n<p>Finden Sie unsere verschiedenen Wanderrouten auf unserem Geotrek-Portal.<\/p>\n\n<div class=\"wp-block-ws-library-ws-button has-text-align-center is-style-outline\"><a href=\"https:\/\/rando.paysdesecrins.com\/\" class=\"wp-block-button__link wp-element-button btn\">  Wanderrouten<\/a><\/div>\n\n<div class=\"wp-block-ws-library-ws-columns alignwide has-2-columns are-vertically-aligned-center layout-5050 is-style-background\">\n<div class=\"wp-block-ws-library-ws-column\"><div class=\"wrapper\">\n<div class=\"wp-block-ws-library-ws-image\"><div class=\"wrapper\"><div class=\"group-media\"><img decoding=\"async\" src=\"https:\/\/www.paysdesecrins.com\/wp-content\/uploads\/2025\/07\/dsc06633-960x640.jpg\" alt=\"\" class=\"single_image ws-image-41681\"><div class=\"credits\"><\/div><\/div><p class=\"caption\"><\/p><\/div><\/div>\n<\/div><\/div>\n\n\n\n<div class=\"wp-block-ws-library-ws-column\"><div class=\"wrapper\">\n<div class=\"wp-block-ws-library-ws-title\"><h3>Mountainbike-Touren<\/h3><\/div>\n\n\n\n<p>Wenn Sie noch nie mit Skiern oder Snowboards die Pisten der Berge des <strong>Pays des \u00c9crins<\/strong> hinuntergefahren sind, k\u00f6nnen Sie diese sch\u00f6ne Herbstbeleuchtung nutzen, um Mountainbike zu fahren. Die perfekte Gelegenheit, um zu den Gipfeln des Territoriums zu reisen und dabei zu beobachten, wie sich die Natur verwandelt. <\/p>\n\n\n\n<p>Unsere verschiedenen Mountainbike- und E-Mountainbike-Routen finden Sie auf unserem <a href=\"http:\/\/rando.paysdesecrins.com\/?categories=T2\" target=\"_blank\" rel=\"noreferrer noopener\">Geotrek-Portal<\/a>.<\/p>\n<\/div><\/div>\n<\/div>\n\n<div class=\"wp-block-ws-library-ws-title aligncenter\"><h3><em>Pilze sammeln<\/em><\/h3><\/div>\n\n<p>W\u00e4hrend sich einige sportlichen Aktivit\u00e4ten hingeben, k\u00f6nnen sich andere, die eher nachdenklich, gierig und\/oder pfl\u00fcckend sind, mit Pilzen eindecken! Solange Sie den perfekten Platz finden&#8230;   <\/p>\n\n<p><strong>Hier sind einige Tipps:  <\/strong><\/p>\n\n<ul class=\"wp-block-list\">\n<li>Nehmen Sie sich die Zeit, durch die W\u00e4lder zu spazieren (es ist die perfekte Zeit, um kleine Ecken zu finden, die noch nie zuvor erkundet wurden)<\/li>\n\n\n\n<li>Spazieren Sie nach dem Regen oder in nassen Ecken (die Farben der Landschaften werden umso sch\u00f6ner!)<\/li>\n\n\n\n<li>Achten Sie auf die umliegende Vegetation (Pilze sind etwas mit einigen B\u00e4umen verwandt!)<\/li>\n<\/ul>\n\n<div class=\"wp-block-ws-library-ws-columns alignwide has-2-columns are-vertically-aligned-center layout-5050 is-style-background\">\n<div class=\"wp-block-ws-library-ws-column\"><div class=\"wrapper\">\n<div class=\"wp-block-ws-library-ws-title\"><h3>Nehmen Sie sich Zeit f\u00fcr sich selbst<\/h3><\/div>\n\n\n\n<p>Wenn sich der Herbst auf den Blues reimt, kann dies auch eine Gelegenheit sein, neue Energie zu tanken. Nutzen Sie die goldenen Lichter zu Beginn des Abends zum Meditieren, die milderen Temperaturen, um k\u00f6rperliche Aktivit\u00e4t auszu\u00fcben. Essen Sie saisonales Gem\u00fcse. Nehmen Sie sich Zeit, um sich auszuruhen und sich wieder mit der Natur zu verbinden.     <\/p>\n<\/div><\/div>\n\n\n\n<div class=\"wp-block-ws-library-ws-column\"><div class=\"wrapper\">\n<div class=\"wp-block-ws-library-ws-image\"><div class=\"wrapper\"><div class=\"group-media\"><img decoding=\"async\" src=\"https:\/\/www.paysdesecrins.com\/wp-content\/uploads\/2025\/07\/img-0654-2-960x640.jpg\" alt=\"\" class=\"single_image ws-image-41686\"><div class=\"credits\"><\/div><\/div><p class=\"caption\"><\/p><\/div><\/div>\n<\/div><\/div>\n<\/div>\n\n<div class=\"wp-block-ws-library-ws-title aligncenter\"><h3><em>Tanken Sie<\/em>Aktivit\u00e4t auf<\/h3><\/div>\n\n<p>Was gibt es Sch\u00f6neres als einen Wanderausflug, um all diese farbenfrohen Landschaften in vollen Z\u00fcgen genie\u00dfen zu k\u00f6nnen? Naturliebhaber k\u00f6nnen sich die Zeit nehmen, herrliche Panoramen zu betrachten und dabei die Vorteile des Wanderns zu genie\u00dfen. <\/p>\n\n<div class=\"wp-block-ws-library-ws-slider alignwide\"><div class=\"splide\" data-splide=\"{\"type\":\"slide\",\"heightRatio\":\"auto\",\"perPage\":4,\"perMove\":1,\"drag\":true,\"pagination\":0,\"autoplay\":false,\"gap\":\"2px\",\"breakpoints\":{\"450\":{\"perPage\":1},\"768\":{\"perPage\":2},\"992\":{\"perPage\":3},\"1200\":{\"perPage\":4}}}\"><div class=\"splide__track\"><div class=\"splide__list\"><div class=\"splide__slide\"><a href=\"https:\/\/www.paysdesecrins.com\/wp-content\/uploads\/2025\/07\/1608201002-142677848-400x400.jpg\" data-glightbox=\"true\" class=\"lightbox-trigger\"><img decoding=\"async\" src=\"https:\/\/www.paysdesecrins.com\/wp-content\/uploads\/2025\/07\/1608201002-142677848-400x400.jpg\" alt=\"\"><\/a><\/div><div class=\"splide__slide\"><a href=\"https:\/\/www.paysdesecrins.com\/wp-content\/uploads\/2025\/07\/1608201002-728568005-400x400.jpg\" data-glightbox=\"true\" class=\"lightbox-trigger\"><img decoding=\"async\" src=\"https:\/\/www.paysdesecrins.com\/wp-content\/uploads\/2025\/07\/1608201002-728568005-400x400.jpg\" alt=\"\"><\/a><\/div><div class=\"splide__slide\"><a href=\"https:\/\/www.paysdesecrins.com\/wp-content\/uploads\/2025\/07\/1608201002-978520932-400x400.jpg\" data-glightbox=\"true\" class=\"lightbox-trigger\"><img decoding=\"async\" src=\"https:\/\/www.paysdesecrins.com\/wp-content\/uploads\/2025\/07\/1608201002-978520932-400x400.jpg\" alt=\"\"><\/a><\/div><div class=\"splide__slide\"><a href=\"https:\/\/www.paysdesecrins.com\/wp-content\/uploads\/2025\/07\/1608201002-1576703865-400x400.jpg\" data-glightbox=\"true\" class=\"lightbox-trigger\"><img decoding=\"async\" src=\"https:\/\/www.paysdesecrins.com\/wp-content\/uploads\/2025\/07\/1608201002-1576703865-400x400.jpg\" alt=\"\"><\/a><\/div><div class=\"splide__slide\"><a href=\"https:\/\/www.paysdesecrins.com\/wp-content\/uploads\/2025\/07\/1608201002-1999943498-400x400.jpg\" data-glightbox=\"true\" class=\"lightbox-trigger\"><img decoding=\"async\" src=\"https:\/\/www.paysdesecrins.com\/wp-content\/uploads\/2025\/07\/1608201002-1999943498-400x400.jpg\" alt=\"\"><\/a><\/div><\/div><\/div><\/div><\/div>\n\n<div class=\"wp-block-ws-library-ws-share\"><span class=\"share-subtitle\">Hat Ihnen diese Seite gefallen?<\/span><span class=\"share-title\">Teilen Sie es!<\/span><button class=\"ws-share-button wp-element-button\">Diese Seite teilen<\/button><\/div>\n","protected":false},"excerpt":{"rendered":"<p>Die Sommersaison neigt sich dem Ende zu, die Vegetation des Pays des \u00c9crins wird bald ihren Sommerschmuck und das Gr\u00fcn [&hellip;]<\/p>\n","protected":false},"author":4,"featured_media":41647,"comment_status":"closed","ping_status":"closed","sticky":false,"template":"","format":"standard","meta":{"_thumbnail_id_2":0,"summer_excerpt":"","season":"","station":"","footnotes":""},"article_category":[],"class_list":["post-46301","post","type-post","status-publish","format-standard","has-post-thumbnail","hentry"],"yoast_head":"<!-- This site is optimized with the Yoast SEO plugin v27.3 - https:\/\/yoast.com\/product\/yoast-seo-wordpress\/ -->\n<title>Der Herbst in den F\u00e4llen - Pays des \u00c9crins - Office de Tourisme<\/title>\n<meta name=\"robots\" content=\"index, follow, max-snippet:-1, max-image-preview:large, max-video-preview:-1\" \/>\n<link rel=\"canonical\" href=\"https:\/\/www.paysdesecrins.com\/de\/der-herbst-in-den-faellen\/\" \/>\n<meta property=\"og:locale\" content=\"de_DE\" \/>\n<meta property=\"og:type\" content=\"article\" \/>\n<meta property=\"og:title\" content=\"Der Herbst in den F\u00e4llen - Pays des \u00c9crins - Office de Tourisme\" \/>\n<meta property=\"og:description\" content=\"Die Sommersaison neigt sich dem Ende zu, die Vegetation des Pays des \u00c9crins wird bald ihren Sommerschmuck und das Gr\u00fcn [&hellip;]\" \/>\n<meta property=\"og:url\" content=\"https:\/\/www.paysdesecrins.com\/de\/der-herbst-in-den-faellen\/\" \/>\n<meta property=\"og:site_name\" content=\"Pays des \u00c9crins - Office de Tourisme\" \/>\n<meta property=\"article:published_time\" content=\"2025-07-24T10:05:20+00:00\" \/>\n<meta property=\"article:modified_time\" content=\"2025-08-04T13:06:41+00:00\" \/>\n<meta property=\"og:image\" content=\"https:\/\/www.paysdesecrins.com\/wp-content\/uploads\/2025\/07\/1608201002-1750653967.jpg\" \/>\n\t<meta property=\"og:image:width\" content=\"1200\" \/>\n\t<meta property=\"og:image:height\" content=\"675\" \/>\n\t<meta property=\"og:image:type\" content=\"image\/jpeg\" \/>\n<meta name=\"author\" content=\"Juliette BISIAUX\" \/>\n<meta name=\"twitter:card\" content=\"summary_large_image\" \/>\n<meta name=\"twitter:label1\" content=\"Verfasst von\" \/>\n\t<meta name=\"twitter:data1\" content=\"Juliette BISIAUX\" \/>\n\t<meta name=\"twitter:label2\" content=\"Gesch\u00e4tzte Lesezeit\" \/>\n\t<meta name=\"twitter:data2\" content=\"2 Minuten\" \/>\n<script type=\"application\/ld+json\" class=\"yoast-schema-graph\">{\"@context\":\"https:\\\/\\\/schema.org\",\"@graph\":[{\"@type\":\"Article\",\"@id\":\"https:\\\/\\\/www.paysdesecrins.com\\\/de\\\/der-herbst-in-den-faellen\\\/#article\",\"isPartOf\":{\"@id\":\"https:\\\/\\\/www.paysdesecrins.com\\\/de\\\/der-herbst-in-den-faellen\\\/\"},\"author\":{\"name\":\"Juliette BISIAUX\",\"@id\":\"https:\\\/\\\/www.paysdesecrins.com\\\/de\\\/#\\\/schema\\\/person\\\/91b38c6fd482bbb5d636526af3c9c44c\"},\"headline\":\"Der Herbst in den F\u00e4llen\",\"datePublished\":\"2025-07-24T10:05:20+00:00\",\"dateModified\":\"2025-08-04T13:06:41+00:00\",\"mainEntityOfPage\":{\"@id\":\"https:\\\/\\\/www.paysdesecrins.com\\\/de\\\/der-herbst-in-den-faellen\\\/\"},\"wordCount\":496,\"publisher\":{\"@id\":\"https:\\\/\\\/www.paysdesecrins.com\\\/de\\\/#organization\"},\"image\":{\"@id\":\"https:\\\/\\\/www.paysdesecrins.com\\\/de\\\/der-herbst-in-den-faellen\\\/#primaryimage\"},\"thumbnailUrl\":\"https:\\\/\\\/www.paysdesecrins.com\\\/wp-content\\\/uploads\\\/2025\\\/07\\\/1608201002-1750653967.jpg\",\"inLanguage\":\"de\"},{\"@type\":\"WebPage\",\"@id\":\"https:\\\/\\\/www.paysdesecrins.com\\\/de\\\/der-herbst-in-den-faellen\\\/\",\"url\":\"https:\\\/\\\/www.paysdesecrins.com\\\/de\\\/der-herbst-in-den-faellen\\\/\",\"name\":\"Der Herbst in den F\u00e4llen - Pays des \u00c9crins - Office de Tourisme\",\"isPartOf\":{\"@id\":\"https:\\\/\\\/www.paysdesecrins.com\\\/de\\\/#website\"},\"primaryImageOfPage\":{\"@id\":\"https:\\\/\\\/www.paysdesecrins.com\\\/de\\\/der-herbst-in-den-faellen\\\/#primaryimage\"},\"image\":{\"@id\":\"https:\\\/\\\/www.paysdesecrins.com\\\/de\\\/der-herbst-in-den-faellen\\\/#primaryimage\"},\"thumbnailUrl\":\"https:\\\/\\\/www.paysdesecrins.com\\\/wp-content\\\/uploads\\\/2025\\\/07\\\/1608201002-1750653967.jpg\",\"datePublished\":\"2025-07-24T10:05:20+00:00\",\"dateModified\":\"2025-08-04T13:06:41+00:00\",\"breadcrumb\":{\"@id\":\"https:\\\/\\\/www.paysdesecrins.com\\\/de\\\/der-herbst-in-den-faellen\\\/#breadcrumb\"},\"inLanguage\":\"de\",\"potentialAction\":[{\"@type\":\"ReadAction\",\"target\":[\"https:\\\/\\\/www.paysdesecrins.com\\\/de\\\/der-herbst-in-den-faellen\\\/\"]}]},{\"@type\":\"ImageObject\",\"inLanguage\":\"de\",\"@id\":\"https:\\\/\\\/www.paysdesecrins.com\\\/de\\\/der-herbst-in-den-faellen\\\/#primaryimage\",\"url\":\"https:\\\/\\\/www.paysdesecrins.com\\\/wp-content\\\/uploads\\\/2025\\\/07\\\/1608201002-1750653967.jpg\",\"contentUrl\":\"https:\\\/\\\/www.paysdesecrins.com\\\/wp-content\\\/uploads\\\/2025\\\/07\\\/1608201002-1750653967.jpg\",\"width\":1200,\"height\":675},{\"@type\":\"BreadcrumbList\",\"@id\":\"https:\\\/\\\/www.paysdesecrins.com\\\/de\\\/der-herbst-in-den-faellen\\\/#breadcrumb\",\"itemListElement\":[{\"@type\":\"ListItem\",\"position\":1,\"name\":\"Accueil\",\"item\":\"https:\\\/\\\/www.paysdesecrins.com\\\/de\\\/der-titel-des-hauses\\\/\"},{\"@type\":\"ListItem\",\"position\":2,\"name\":\"Der Herbst in den F\u00e4llen\"}]},{\"@type\":\"WebSite\",\"@id\":\"https:\\\/\\\/www.paysdesecrins.com\\\/de\\\/#website\",\"url\":\"https:\\\/\\\/www.paysdesecrins.com\\\/de\\\/\",\"name\":\"Pays des \u00c9crins - Office de Tourisme\",\"description\":\"L&#039;esprit montagne\",\"publisher\":{\"@id\":\"https:\\\/\\\/www.paysdesecrins.com\\\/de\\\/#organization\"},\"potentialAction\":[{\"@type\":\"SearchAction\",\"target\":{\"@type\":\"EntryPoint\",\"urlTemplate\":\"https:\\\/\\\/www.paysdesecrins.com\\\/de\\\/?s={search_term_string}\"},\"query-input\":{\"@type\":\"PropertyValueSpecification\",\"valueRequired\":true,\"valueName\":\"search_term_string\"}}],\"inLanguage\":\"de\"},{\"@type\":\"Organization\",\"@id\":\"https:\\\/\\\/www.paysdesecrins.com\\\/de\\\/#organization\",\"name\":\"Pays des \u00c9crins - Office de Tourisme\",\"url\":\"https:\\\/\\\/www.paysdesecrins.com\\\/de\\\/\",\"logo\":{\"@type\":\"ImageObject\",\"inLanguage\":\"de\",\"@id\":\"https:\\\/\\\/www.paysdesecrins.com\\\/de\\\/#\\\/schema\\\/logo\\\/image\\\/\",\"url\":\"https:\\\/\\\/www.paysdesecrins.com\\\/wp-content\\\/uploads\\\/2025\\\/06\\\/devina-svg-1750845694.svg\",\"contentUrl\":\"https:\\\/\\\/www.paysdesecrins.com\\\/wp-content\\\/uploads\\\/2025\\\/06\\\/devina-svg-1750845694.svg\",\"caption\":\"Pays des \u00c9crins - Office de Tourisme\"},\"image\":{\"@id\":\"https:\\\/\\\/www.paysdesecrins.com\\\/de\\\/#\\\/schema\\\/logo\\\/image\\\/\"}},{\"@type\":\"Person\",\"@id\":\"https:\\\/\\\/www.paysdesecrins.com\\\/de\\\/#\\\/schema\\\/person\\\/91b38c6fd482bbb5d636526af3c9c44c\",\"name\":\"Juliette BISIAUX\",\"url\":\"https:\\\/\\\/www.paysdesecrins.com\\\/de\\\/author\\\/juliette\\\/\"}]}<\/script>\n<!-- \/ Yoast SEO plugin. -->","yoast_head_json":{"title":"Der Herbst in den F\u00e4llen - Pays des \u00c9crins - Office de Tourisme","robots":{"index":"index","follow":"follow","max-snippet":"max-snippet:-1","max-image-preview":"max-image-preview:large","max-video-preview":"max-video-preview:-1"},"canonical":"https:\/\/www.paysdesecrins.com\/de\/der-herbst-in-den-faellen\/","og_locale":"de_DE","og_type":"article","og_title":"Der Herbst in den F\u00e4llen - Pays des \u00c9crins - Office de Tourisme","og_description":"Die Sommersaison neigt sich dem Ende zu, die Vegetation des Pays des \u00c9crins wird bald ihren Sommerschmuck und das Gr\u00fcn [&hellip;]","og_url":"https:\/\/www.paysdesecrins.com\/de\/der-herbst-in-den-faellen\/","og_site_name":"Pays des \u00c9crins - Office de Tourisme","article_published_time":"2025-07-24T10:05:20+00:00","article_modified_time":"2025-08-04T13:06:41+00:00","og_image":[{"width":1200,"height":675,"url":"https:\/\/www.paysdesecrins.com\/wp-content\/uploads\/2025\/07\/1608201002-1750653967.jpg","type":"image\/jpeg"}],"author":"Juliette BISIAUX","twitter_card":"summary_large_image","twitter_misc":{"Verfasst von":"Juliette BISIAUX","Gesch\u00e4tzte Lesezeit":"2 Minuten"},"schema":{"@context":"https:\/\/schema.org","@graph":[{"@type":"Article","@id":"https:\/\/www.paysdesecrins.com\/de\/der-herbst-in-den-faellen\/#article","isPartOf":{"@id":"https:\/\/www.paysdesecrins.com\/de\/der-herbst-in-den-faellen\/"},"author":{"name":"Juliette BISIAUX","@id":"https:\/\/www.paysdesecrins.com\/de\/#\/schema\/person\/91b38c6fd482bbb5d636526af3c9c44c"},"headline":"Der Herbst in den F\u00e4llen","datePublished":"2025-07-24T10:05:20+00:00","dateModified":"2025-08-04T13:06:41+00:00","mainEntityOfPage":{"@id":"https:\/\/www.paysdesecrins.com\/de\/der-herbst-in-den-faellen\/"},"wordCount":496,"publisher":{"@id":"https:\/\/www.paysdesecrins.com\/de\/#organization"},"image":{"@id":"https:\/\/www.paysdesecrins.com\/de\/der-herbst-in-den-faellen\/#primaryimage"},"thumbnailUrl":"https:\/\/www.paysdesecrins.com\/wp-content\/uploads\/2025\/07\/1608201002-1750653967.jpg","inLanguage":"de"},{"@type":"WebPage","@id":"https:\/\/www.paysdesecrins.com\/de\/der-herbst-in-den-faellen\/","url":"https:\/\/www.paysdesecrins.com\/de\/der-herbst-in-den-faellen\/","name":"Der Herbst in den F\u00e4llen - Pays des \u00c9crins - Office de Tourisme","isPartOf":{"@id":"https:\/\/www.paysdesecrins.com\/de\/#website"},"primaryImageOfPage":{"@id":"https:\/\/www.paysdesecrins.com\/de\/der-herbst-in-den-faellen\/#primaryimage"},"image":{"@id":"https:\/\/www.paysdesecrins.com\/de\/der-herbst-in-den-faellen\/#primaryimage"},"thumbnailUrl":"https:\/\/www.paysdesecrins.com\/wp-content\/uploads\/2025\/07\/1608201002-1750653967.jpg","datePublished":"2025-07-24T10:05:20+00:00","dateModified":"2025-08-04T13:06:41+00:00","breadcrumb":{"@id":"https:\/\/www.paysdesecrins.com\/de\/der-herbst-in-den-faellen\/#breadcrumb"},"inLanguage":"de","potentialAction":[{"@type":"ReadAction","target":["https:\/\/www.paysdesecrins.com\/de\/der-herbst-in-den-faellen\/"]}]},{"@type":"ImageObject","inLanguage":"de","@id":"https:\/\/www.paysdesecrins.com\/de\/der-herbst-in-den-faellen\/#primaryimage","url":"https:\/\/www.paysdesecrins.com\/wp-content\/uploads\/2025\/07\/1608201002-1750653967.jpg","contentUrl":"https:\/\/www.paysdesecrins.com\/wp-content\/uploads\/2025\/07\/1608201002-1750653967.jpg","width":1200,"height":675},{"@type":"BreadcrumbList","@id":"https:\/\/www.paysdesecrins.com\/de\/der-herbst-in-den-faellen\/#breadcrumb","itemListElement":[{"@type":"ListItem","position":1,"name":"Accueil","item":"https:\/\/www.paysdesecrins.com\/de\/der-titel-des-hauses\/"},{"@type":"ListItem","position":2,"name":"Der Herbst in den F\u00e4llen"}]},{"@type":"WebSite","@id":"https:\/\/www.paysdesecrins.com\/de\/#website","url":"https:\/\/www.paysdesecrins.com\/de\/","name":"Pays des \u00c9crins - Office de Tourisme","description":"L&#039;esprit montagne","publisher":{"@id":"https:\/\/www.paysdesecrins.com\/de\/#organization"},"potentialAction":[{"@type":"SearchAction","target":{"@type":"EntryPoint","urlTemplate":"https:\/\/www.paysdesecrins.com\/de\/?s={search_term_string}"},"query-input":{"@type":"PropertyValueSpecification","valueRequired":true,"valueName":"search_term_string"}}],"inLanguage":"de"},{"@type":"Organization","@id":"https:\/\/www.paysdesecrins.com\/de\/#organization","name":"Pays des \u00c9crins - Office de Tourisme","url":"https:\/\/www.paysdesecrins.com\/de\/","logo":{"@type":"ImageObject","inLanguage":"de","@id":"https:\/\/www.paysdesecrins.com\/de\/#\/schema\/logo\/image\/","url":"https:\/\/www.paysdesecrins.com\/wp-content\/uploads\/2025\/06\/devina-svg-1750845694.svg","contentUrl":"https:\/\/www.paysdesecrins.com\/wp-content\/uploads\/2025\/06\/devina-svg-1750845694.svg","caption":"Pays des \u00c9crins - Office de Tourisme"},"image":{"@id":"https:\/\/www.paysdesecrins.com\/de\/#\/schema\/logo\/image\/"}},{"@type":"Person","@id":"https:\/\/www.paysdesecrins.com\/de\/#\/schema\/person\/91b38c6fd482bbb5d636526af3c9c44c","name":"Juliette BISIAUX","url":"https:\/\/www.paysdesecrins.com\/de\/author\/juliette\/"}]}},"_links":{"self":[{"href":"https:\/\/www.paysdesecrins.com\/de\/wp-json\/wp\/v2\/posts\/46301","targetHints":{"allow":["GET"]}}],"collection":[{"href":"https:\/\/www.paysdesecrins.com\/de\/wp-json\/wp\/v2\/posts"}],"about":[{"href":"https:\/\/www.paysdesecrins.com\/de\/wp-json\/wp\/v2\/types\/post"}],"author":[{"embeddable":true,"href":"https:\/\/www.paysdesecrins.com\/de\/wp-json\/wp\/v2\/users\/4"}],"replies":[{"embeddable":true,"href":"https:\/\/www.paysdesecrins.com\/de\/wp-json\/wp\/v2\/comments?post=46301"}],"version-history":[{"count":0,"href":"https:\/\/www.paysdesecrins.com\/de\/wp-json\/wp\/v2\/posts\/46301\/revisions"}],"wp:featuredmedia":[{"embeddable":true,"href":"https:\/\/www.paysdesecrins.com\/de\/wp-json\/wp\/v2\/media\/41647"}],"wp:attachment":[{"href":"https:\/\/www.paysdesecrins.com\/de\/wp-json\/wp\/v2\/media?parent=46301"}],"wp:term":[{"taxonomy":"article_category","embeddable":true,"href":"https:\/\/www.paysdesecrins.com\/de\/wp-json\/wp\/v2\/article_category?post=46301"}],"curies":[{"name":"wp","href":"https:\/\/api.w.org\/{rel}","templated":true}]}}