{"id":46558,"date":"2025-07-24T11:39:02","date_gmt":"2025-07-24T09:39:02","guid":{"rendered":"https:\/\/www.paysdesecrins.com\/martin-kern-botschafter-des-pays-des-ecrins\/"},"modified":"2025-08-04T15:08:02","modified_gmt":"2025-08-04T13:08:02","slug":"martin-kern-botschafter-des-pays-des-ecrins","status":"publish","type":"post","link":"https:\/\/www.paysdesecrins.com\/de\/martin-kern-botschafter-des-pays-des-ecrins\/","title":{"rendered":"Martin KERN, Botschafter des Pays des \u00c9crins"},"content":{"rendered":"    <div class=\"alignfull wp-block-ws-library-ws-header-interne\">\n\t    <div class=\"header-container\">\n\t        <div class=\"group-media has-image\">\n\t            \t                <img loading=\"lazy\" decoding=\"async\" width=\"1920\" height=\"800\" src=\"https:\/\/www.paysdesecrins.com\/wp-content\/uploads\/2025\/07\/bivouac-et-trail-cre-te-de-rougnoux-91-1920x800.jpg\" alt=\"\" class=\"image_large_square wp-image-41164\" \/>\n\t            \t        <\/div>\n\t        <div class=\"group-content\">\n\t            <div class=\"title\">\n\t                <h1>\n\t                    Martin KERN, Botschafter des Pays des \u00c9crins\t                    \t                <\/h1>\n\t            <\/div>\n\t        <\/div>\n\t    <\/div>\n\t    \n<div class=\"yoast-breadcrumbs\"><span><span><a href=\"https:\/\/www.paysdesecrins.com\/de\/der-titel-des-hauses\/\">Accueil<\/a><\/span>  <span class=\"breadcrumb_last\" aria-current=\"page\">Martin KERN, Botschafter des Pays des \u00c9crins<\/span><\/span><\/div>\n    <\/div>\n    \n<div class=\"wp-block-ws-library-ws-title aligncenter is-style-simple\"><h2><em>Trail-Botschafter<\/em>Martin Kerne<\/h2><\/div>\n\n<p class=\"has-text-align-center\">Als echter <strong>Bergsportler<\/strong> trafen wir <strong>Martin Kern<\/strong>, den Trail-Botschafter des <strong>Pays des \u00c9crins<\/strong>.  <\/p>\n\n<p>Der aus dem S\u00fcden stammende Martin kommt ins <strong>Pays des \u00c9crins<\/strong> , seit seine Eltern vor etwa f\u00fcnfzehn Jahren ein Haus in <strong>Puy Aillaud<\/strong> gekauft haben.  <\/p>\n\n<p class=\"has-text-align-center\">Er f\u00fchlt sich sehr an die <strong>Weite<\/strong> unseres Territoriums gebunden und bereist gerne seine Turnschuhe und bereist so schnell wie m\u00f6glich unsere Berge. Er betrachtet die Gegend als <strong>idealen Spielplatz <\/strong>, um all seine Aktivit\u00e4ten auszu\u00fcben, im Winter Skitouren und Langlaufen und im Sommer Bergsteigen und Trailrunning. <\/p>\n\n<div class=\"wp-block-ws-library-ws-quote\"><blockquote class=\"quote-container quote-align-undefined\"><p class=\"quote-content\">&#8222;Hier gef\u00e4llt mir, dass ich mich in der Natur befinde, die in ihrem rohen, nat\u00fcrlichen Zustand ist. Es gibt tolle Spielpl\u00e4tze! Wenn Sie rollende Trails m\u00f6gen, gibt es viel zu tun, aber auch technische, sehr technische K\u00e4mme. Es gibt auch eine sehr reiche Fauna und Flora.&#8220;  <\/p><footer><cite class=\"quote-subcontent\">  Martin Kern<\/cite><\/footer><\/blockquote><\/div>\n\n<div class=\"wp-block-ws-library-ws-video\"><div class=\"wrapper\"><div class=\"group-media\">\n<figure class=\"wp-block-embed is-type-video is-provider-youtube wp-block-embed-youtube\"><div class=\"wp-block-embed__wrapper\">\n<iframe loading=\"lazy\" title=\"Martin Kern\" width=\"500\" height=\"281\" src=\"https:\/\/www.youtube.com\/embed\/wGBwtcaQbTo?feature=oembed\" frameborder=\"0\" allow=\"accelerometer; autoplay; clipboard-write; encrypted-media; gyroscope; picture-in-picture; web-share\" referrerpolicy=\"strict-origin-when-cross-origin\" allowfullscreen><\/iframe>\n<\/div><\/figure>\n<\/div><\/div><\/div>\n\n<div class=\"wp-block-ws-library-ws-title\"><h3><em>Vom North Burn nach Brian\u00e7on: <\/em>Martin Kerns Ultra-Trail-Odyssee<\/h3><\/div>\n\n<p>Martin l\u00e4uft jetzt seit 6 Jahren. W\u00e4hrend einer Reise nach <strong>Neuseeland<\/strong>, nachdem er den <strong>North Burn<\/strong> <em>(ein qualitatives Rennen f\u00fcr die gro\u00dfen amerikanischen Ultras)<\/em> gewonnen hatte, entdeckte er seine Leidenschaft f\u00fcr die Langstrecke. <\/p>\n\n<p>Nachdem er die Welt bereist hatte, verbrachte Martin das Jahr 2019 im <strong>Pays des \u00c9crins<\/strong> , um zu trainieren und den Spielplatz zu genie\u00dfen, den das Gebiet bietet. Es war ein abschlie\u00dfendes Jahr f\u00fcr ihn, der den ersten Platz beim <strong>6000D<\/strong> in La Plagne, den 12. Platz beim <strong>UTMB<\/strong> <em>(der sehr ber\u00fchmten Tour du Mont Blanc <\/em>) belegte und kurz darauf einen 5. Platz bei der <strong>Diagonale des Fous<\/strong> auf der Insel La R\u00e9union folgen lie\u00df.   <\/p>\n\n<p>Neben seiner Arbeit als Interim Project Management Engineer absolviert Martin in diesem Jahr eine Ausbildung, um den Rekord f\u00fcr die \u00dcberfahrt von <strong>Chamonix nach Brian\u00e7on<\/strong> zu brechen. Insgesamt werden unser Botschafter und zwei seiner Freunde 202 km des GR5 zur\u00fccklegen, um die beiden Hauptst\u00e4dte des franz\u00f6sischen Bergsteigens zu verbinden. <\/p>\n\n<div class=\"wp-block-ws-library-ws-share\"><span class=\"share-subtitle\">Hat Ihnen diese Seite gefallen?<\/span><span class=\"share-title\">Teilen Sie es!<\/span><button class=\"ws-share-button wp-element-button\">Diese Seite teilen<\/button><\/div>\n","protected":false},"excerpt":{"rendered":"<p>Als echter Bergsportler trafen wir Martin Kern, den Trail-Botschafter des Pays des \u00c9crins. Der aus dem S\u00fcden stammende Martin kommt [&hellip;]<\/p>\n","protected":false},"author":4,"featured_media":40592,"comment_status":"closed","ping_status":"closed","sticky":false,"template":"","format":"standard","meta":{"_thumbnail_id_2":0,"summer_excerpt":"","season":"","station":"","footnotes":""},"article_category":[],"class_list":["post-46558","post","type-post","status-publish","format-standard","has-post-thumbnail","hentry"],"yoast_head":"<!-- This site is optimized with the Yoast SEO plugin v27.3 - https:\/\/yoast.com\/product\/yoast-seo-wordpress\/ -->\n<title>Martin KERN, Botschafter des Pays des \u00c9crins - Pays des \u00c9crins - Office de Tourisme<\/title>\n<meta name=\"robots\" content=\"index, follow, max-snippet:-1, max-image-preview:large, max-video-preview:-1\" \/>\n<link rel=\"canonical\" href=\"https:\/\/www.paysdesecrins.com\/de\/martin-kern-botschafter-des-pays-des-ecrins\/\" \/>\n<meta property=\"og:locale\" content=\"de_DE\" \/>\n<meta property=\"og:type\" content=\"article\" \/>\n<meta property=\"og:title\" content=\"Martin KERN, Botschafter des Pays des \u00c9crins - Pays des \u00c9crins - Office de Tourisme\" \/>\n<meta property=\"og:description\" content=\"Als echter Bergsportler trafen wir Martin Kern, den Trail-Botschafter des Pays des \u00c9crins. Der aus dem S\u00fcden stammende Martin kommt [&hellip;]\" \/>\n<meta property=\"og:url\" content=\"https:\/\/www.paysdesecrins.com\/de\/martin-kern-botschafter-des-pays-des-ecrins\/\" \/>\n<meta property=\"og:site_name\" content=\"Pays des \u00c9crins - Office de Tourisme\" \/>\n<meta property=\"article:published_time\" content=\"2025-07-24T09:39:02+00:00\" \/>\n<meta property=\"article:modified_time\" content=\"2025-08-04T13:08:02+00:00\" \/>\n<meta property=\"og:image\" content=\"https:\/\/www.paysdesecrins.com\/wp-content\/uploads\/2025\/07\/martin-kern-ambassadeur-du-pays-des-ecrins-deutsch-1608201002.png\" \/>\n\t<meta property=\"og:image:width\" content=\"1920\" \/>\n\t<meta property=\"og:image:height\" content=\"480\" \/>\n\t<meta property=\"og:image:type\" content=\"image\/png\" \/>\n<meta name=\"author\" content=\"Juliette BISIAUX\" \/>\n<meta name=\"twitter:card\" content=\"summary_large_image\" \/>\n<meta name=\"twitter:label1\" content=\"Verfasst von\" \/>\n\t<meta name=\"twitter:data1\" content=\"Juliette BISIAUX\" \/>\n\t<meta name=\"twitter:label2\" content=\"Gesch\u00e4tzte Lesezeit\" \/>\n\t<meta name=\"twitter:data2\" content=\"2 Minuten\" \/>\n<script type=\"application\/ld+json\" class=\"yoast-schema-graph\">{\"@context\":\"https:\\\/\\\/schema.org\",\"@graph\":[{\"@type\":\"Article\",\"@id\":\"https:\\\/\\\/www.paysdesecrins.com\\\/de\\\/martin-kern-botschafter-des-pays-des-ecrins\\\/#article\",\"isPartOf\":{\"@id\":\"https:\\\/\\\/www.paysdesecrins.com\\\/de\\\/martin-kern-botschafter-des-pays-des-ecrins\\\/\"},\"author\":{\"name\":\"Juliette BISIAUX\",\"@id\":\"https:\\\/\\\/www.paysdesecrins.com\\\/de\\\/#\\\/schema\\\/person\\\/91b38c6fd482bbb5d636526af3c9c44c\"},\"headline\":\"Martin KERN, Botschafter des Pays des \u00c9crins\",\"datePublished\":\"2025-07-24T09:39:02+00:00\",\"dateModified\":\"2025-08-04T13:08:02+00:00\",\"mainEntityOfPage\":{\"@id\":\"https:\\\/\\\/www.paysdesecrins.com\\\/de\\\/martin-kern-botschafter-des-pays-des-ecrins\\\/\"},\"wordCount\":350,\"publisher\":{\"@id\":\"https:\\\/\\\/www.paysdesecrins.com\\\/de\\\/#organization\"},\"image\":{\"@id\":\"https:\\\/\\\/www.paysdesecrins.com\\\/de\\\/martin-kern-botschafter-des-pays-des-ecrins\\\/#primaryimage\"},\"thumbnailUrl\":\"https:\\\/\\\/www.paysdesecrins.com\\\/wp-content\\\/uploads\\\/2025\\\/07\\\/martin-kern-ambassadeur-du-pays-des-ecrins-deutsch-1608201002.png\",\"inLanguage\":\"de\"},{\"@type\":\"WebPage\",\"@id\":\"https:\\\/\\\/www.paysdesecrins.com\\\/de\\\/martin-kern-botschafter-des-pays-des-ecrins\\\/\",\"url\":\"https:\\\/\\\/www.paysdesecrins.com\\\/de\\\/martin-kern-botschafter-des-pays-des-ecrins\\\/\",\"name\":\"Martin KERN, Botschafter des Pays des \u00c9crins - Pays des \u00c9crins - Office de Tourisme\",\"isPartOf\":{\"@id\":\"https:\\\/\\\/www.paysdesecrins.com\\\/de\\\/#website\"},\"primaryImageOfPage\":{\"@id\":\"https:\\\/\\\/www.paysdesecrins.com\\\/de\\\/martin-kern-botschafter-des-pays-des-ecrins\\\/#primaryimage\"},\"image\":{\"@id\":\"https:\\\/\\\/www.paysdesecrins.com\\\/de\\\/martin-kern-botschafter-des-pays-des-ecrins\\\/#primaryimage\"},\"thumbnailUrl\":\"https:\\\/\\\/www.paysdesecrins.com\\\/wp-content\\\/uploads\\\/2025\\\/07\\\/martin-kern-ambassadeur-du-pays-des-ecrins-deutsch-1608201002.png\",\"datePublished\":\"2025-07-24T09:39:02+00:00\",\"dateModified\":\"2025-08-04T13:08:02+00:00\",\"breadcrumb\":{\"@id\":\"https:\\\/\\\/www.paysdesecrins.com\\\/de\\\/martin-kern-botschafter-des-pays-des-ecrins\\\/#breadcrumb\"},\"inLanguage\":\"de\",\"potentialAction\":[{\"@type\":\"ReadAction\",\"target\":[\"https:\\\/\\\/www.paysdesecrins.com\\\/de\\\/martin-kern-botschafter-des-pays-des-ecrins\\\/\"]}]},{\"@type\":\"ImageObject\",\"inLanguage\":\"de\",\"@id\":\"https:\\\/\\\/www.paysdesecrins.com\\\/de\\\/martin-kern-botschafter-des-pays-des-ecrins\\\/#primaryimage\",\"url\":\"https:\\\/\\\/www.paysdesecrins.com\\\/wp-content\\\/uploads\\\/2025\\\/07\\\/martin-kern-ambassadeur-du-pays-des-ecrins-deutsch-1608201002.png\",\"contentUrl\":\"https:\\\/\\\/www.paysdesecrins.com\\\/wp-content\\\/uploads\\\/2025\\\/07\\\/martin-kern-ambassadeur-du-pays-des-ecrins-deutsch-1608201002.png\",\"width\":1920,\"height\":480},{\"@type\":\"BreadcrumbList\",\"@id\":\"https:\\\/\\\/www.paysdesecrins.com\\\/de\\\/martin-kern-botschafter-des-pays-des-ecrins\\\/#breadcrumb\",\"itemListElement\":[{\"@type\":\"ListItem\",\"position\":1,\"name\":\"Accueil\",\"item\":\"https:\\\/\\\/www.paysdesecrins.com\\\/de\\\/der-titel-des-hauses\\\/\"},{\"@type\":\"ListItem\",\"position\":2,\"name\":\"Martin KERN, Botschafter des Pays des \u00c9crins\"}]},{\"@type\":\"WebSite\",\"@id\":\"https:\\\/\\\/www.paysdesecrins.com\\\/de\\\/#website\",\"url\":\"https:\\\/\\\/www.paysdesecrins.com\\\/de\\\/\",\"name\":\"Pays des \u00c9crins - Office de Tourisme\",\"description\":\"L&#039;esprit montagne\",\"publisher\":{\"@id\":\"https:\\\/\\\/www.paysdesecrins.com\\\/de\\\/#organization\"},\"potentialAction\":[{\"@type\":\"SearchAction\",\"target\":{\"@type\":\"EntryPoint\",\"urlTemplate\":\"https:\\\/\\\/www.paysdesecrins.com\\\/de\\\/?s={search_term_string}\"},\"query-input\":{\"@type\":\"PropertyValueSpecification\",\"valueRequired\":true,\"valueName\":\"search_term_string\"}}],\"inLanguage\":\"de\"},{\"@type\":\"Organization\",\"@id\":\"https:\\\/\\\/www.paysdesecrins.com\\\/de\\\/#organization\",\"name\":\"Pays des \u00c9crins - Office de Tourisme\",\"url\":\"https:\\\/\\\/www.paysdesecrins.com\\\/de\\\/\",\"logo\":{\"@type\":\"ImageObject\",\"inLanguage\":\"de\",\"@id\":\"https:\\\/\\\/www.paysdesecrins.com\\\/de\\\/#\\\/schema\\\/logo\\\/image\\\/\",\"url\":\"https:\\\/\\\/www.paysdesecrins.com\\\/wp-content\\\/uploads\\\/2025\\\/06\\\/devina-svg-1750845694.svg\",\"contentUrl\":\"https:\\\/\\\/www.paysdesecrins.com\\\/wp-content\\\/uploads\\\/2025\\\/06\\\/devina-svg-1750845694.svg\",\"caption\":\"Pays des \u00c9crins - Office de Tourisme\"},\"image\":{\"@id\":\"https:\\\/\\\/www.paysdesecrins.com\\\/de\\\/#\\\/schema\\\/logo\\\/image\\\/\"}},{\"@type\":\"Person\",\"@id\":\"https:\\\/\\\/www.paysdesecrins.com\\\/de\\\/#\\\/schema\\\/person\\\/91b38c6fd482bbb5d636526af3c9c44c\",\"name\":\"Juliette BISIAUX\",\"url\":\"https:\\\/\\\/www.paysdesecrins.com\\\/de\\\/author\\\/juliette\\\/\"}]}<\/script>\n<!-- \/ Yoast SEO plugin. -->","yoast_head_json":{"title":"Martin KERN, Botschafter des Pays des \u00c9crins - Pays des \u00c9crins - Office de Tourisme","robots":{"index":"index","follow":"follow","max-snippet":"max-snippet:-1","max-image-preview":"max-image-preview:large","max-video-preview":"max-video-preview:-1"},"canonical":"https:\/\/www.paysdesecrins.com\/de\/martin-kern-botschafter-des-pays-des-ecrins\/","og_locale":"de_DE","og_type":"article","og_title":"Martin KERN, Botschafter des Pays des \u00c9crins - Pays des \u00c9crins - Office de Tourisme","og_description":"Als echter Bergsportler trafen wir Martin Kern, den Trail-Botschafter des Pays des \u00c9crins. Der aus dem S\u00fcden stammende Martin kommt [&hellip;]","og_url":"https:\/\/www.paysdesecrins.com\/de\/martin-kern-botschafter-des-pays-des-ecrins\/","og_site_name":"Pays des \u00c9crins - Office de Tourisme","article_published_time":"2025-07-24T09:39:02+00:00","article_modified_time":"2025-08-04T13:08:02+00:00","og_image":[{"width":1920,"height":480,"url":"https:\/\/www.paysdesecrins.com\/wp-content\/uploads\/2025\/07\/martin-kern-ambassadeur-du-pays-des-ecrins-deutsch-1608201002.png","type":"image\/png"}],"author":"Juliette BISIAUX","twitter_card":"summary_large_image","twitter_misc":{"Verfasst von":"Juliette BISIAUX","Gesch\u00e4tzte Lesezeit":"2 Minuten"},"schema":{"@context":"https:\/\/schema.org","@graph":[{"@type":"Article","@id":"https:\/\/www.paysdesecrins.com\/de\/martin-kern-botschafter-des-pays-des-ecrins\/#article","isPartOf":{"@id":"https:\/\/www.paysdesecrins.com\/de\/martin-kern-botschafter-des-pays-des-ecrins\/"},"author":{"name":"Juliette BISIAUX","@id":"https:\/\/www.paysdesecrins.com\/de\/#\/schema\/person\/91b38c6fd482bbb5d636526af3c9c44c"},"headline":"Martin KERN, Botschafter des Pays des \u00c9crins","datePublished":"2025-07-24T09:39:02+00:00","dateModified":"2025-08-04T13:08:02+00:00","mainEntityOfPage":{"@id":"https:\/\/www.paysdesecrins.com\/de\/martin-kern-botschafter-des-pays-des-ecrins\/"},"wordCount":350,"publisher":{"@id":"https:\/\/www.paysdesecrins.com\/de\/#organization"},"image":{"@id":"https:\/\/www.paysdesecrins.com\/de\/martin-kern-botschafter-des-pays-des-ecrins\/#primaryimage"},"thumbnailUrl":"https:\/\/www.paysdesecrins.com\/wp-content\/uploads\/2025\/07\/martin-kern-ambassadeur-du-pays-des-ecrins-deutsch-1608201002.png","inLanguage":"de"},{"@type":"WebPage","@id":"https:\/\/www.paysdesecrins.com\/de\/martin-kern-botschafter-des-pays-des-ecrins\/","url":"https:\/\/www.paysdesecrins.com\/de\/martin-kern-botschafter-des-pays-des-ecrins\/","name":"Martin KERN, Botschafter des Pays des \u00c9crins - Pays des \u00c9crins - Office de Tourisme","isPartOf":{"@id":"https:\/\/www.paysdesecrins.com\/de\/#website"},"primaryImageOfPage":{"@id":"https:\/\/www.paysdesecrins.com\/de\/martin-kern-botschafter-des-pays-des-ecrins\/#primaryimage"},"image":{"@id":"https:\/\/www.paysdesecrins.com\/de\/martin-kern-botschafter-des-pays-des-ecrins\/#primaryimage"},"thumbnailUrl":"https:\/\/www.paysdesecrins.com\/wp-content\/uploads\/2025\/07\/martin-kern-ambassadeur-du-pays-des-ecrins-deutsch-1608201002.png","datePublished":"2025-07-24T09:39:02+00:00","dateModified":"2025-08-04T13:08:02+00:00","breadcrumb":{"@id":"https:\/\/www.paysdesecrins.com\/de\/martin-kern-botschafter-des-pays-des-ecrins\/#breadcrumb"},"inLanguage":"de","potentialAction":[{"@type":"ReadAction","target":["https:\/\/www.paysdesecrins.com\/de\/martin-kern-botschafter-des-pays-des-ecrins\/"]}]},{"@type":"ImageObject","inLanguage":"de","@id":"https:\/\/www.paysdesecrins.com\/de\/martin-kern-botschafter-des-pays-des-ecrins\/#primaryimage","url":"https:\/\/www.paysdesecrins.com\/wp-content\/uploads\/2025\/07\/martin-kern-ambassadeur-du-pays-des-ecrins-deutsch-1608201002.png","contentUrl":"https:\/\/www.paysdesecrins.com\/wp-content\/uploads\/2025\/07\/martin-kern-ambassadeur-du-pays-des-ecrins-deutsch-1608201002.png","width":1920,"height":480},{"@type":"BreadcrumbList","@id":"https:\/\/www.paysdesecrins.com\/de\/martin-kern-botschafter-des-pays-des-ecrins\/#breadcrumb","itemListElement":[{"@type":"ListItem","position":1,"name":"Accueil","item":"https:\/\/www.paysdesecrins.com\/de\/der-titel-des-hauses\/"},{"@type":"ListItem","position":2,"name":"Martin KERN, Botschafter des Pays des \u00c9crins"}]},{"@type":"WebSite","@id":"https:\/\/www.paysdesecrins.com\/de\/#website","url":"https:\/\/www.paysdesecrins.com\/de\/","name":"Pays des \u00c9crins - Office de Tourisme","description":"L&#039;esprit montagne","publisher":{"@id":"https:\/\/www.paysdesecrins.com\/de\/#organization"},"potentialAction":[{"@type":"SearchAction","target":{"@type":"EntryPoint","urlTemplate":"https:\/\/www.paysdesecrins.com\/de\/?s={search_term_string}"},"query-input":{"@type":"PropertyValueSpecification","valueRequired":true,"valueName":"search_term_string"}}],"inLanguage":"de"},{"@type":"Organization","@id":"https:\/\/www.paysdesecrins.com\/de\/#organization","name":"Pays des \u00c9crins - Office de Tourisme","url":"https:\/\/www.paysdesecrins.com\/de\/","logo":{"@type":"ImageObject","inLanguage":"de","@id":"https:\/\/www.paysdesecrins.com\/de\/#\/schema\/logo\/image\/","url":"https:\/\/www.paysdesecrins.com\/wp-content\/uploads\/2025\/06\/devina-svg-1750845694.svg","contentUrl":"https:\/\/www.paysdesecrins.com\/wp-content\/uploads\/2025\/06\/devina-svg-1750845694.svg","caption":"Pays des \u00c9crins - Office de Tourisme"},"image":{"@id":"https:\/\/www.paysdesecrins.com\/de\/#\/schema\/logo\/image\/"}},{"@type":"Person","@id":"https:\/\/www.paysdesecrins.com\/de\/#\/schema\/person\/91b38c6fd482bbb5d636526af3c9c44c","name":"Juliette BISIAUX","url":"https:\/\/www.paysdesecrins.com\/de\/author\/juliette\/"}]}},"_links":{"self":[{"href":"https:\/\/www.paysdesecrins.com\/de\/wp-json\/wp\/v2\/posts\/46558","targetHints":{"allow":["GET"]}}],"collection":[{"href":"https:\/\/www.paysdesecrins.com\/de\/wp-json\/wp\/v2\/posts"}],"about":[{"href":"https:\/\/www.paysdesecrins.com\/de\/wp-json\/wp\/v2\/types\/post"}],"author":[{"embeddable":true,"href":"https:\/\/www.paysdesecrins.com\/de\/wp-json\/wp\/v2\/users\/4"}],"replies":[{"embeddable":true,"href":"https:\/\/www.paysdesecrins.com\/de\/wp-json\/wp\/v2\/comments?post=46558"}],"version-history":[{"count":0,"href":"https:\/\/www.paysdesecrins.com\/de\/wp-json\/wp\/v2\/posts\/46558\/revisions"}],"wp:featuredmedia":[{"embeddable":true,"href":"https:\/\/www.paysdesecrins.com\/de\/wp-json\/wp\/v2\/media\/40592"}],"wp:attachment":[{"href":"https:\/\/www.paysdesecrins.com\/de\/wp-json\/wp\/v2\/media?parent=46558"}],"wp:term":[{"taxonomy":"article_category","embeddable":true,"href":"https:\/\/www.paysdesecrins.com\/de\/wp-json\/wp\/v2\/article_category?post=46558"}],"curies":[{"name":"wp","href":"https:\/\/api.w.org\/{rel}","templated":true}]}}