{"id":46570,"date":"2025-07-24T11:35:18","date_gmt":"2025-07-24T09:35:18","guid":{"rendered":"https:\/\/www.paysdesecrins.com\/geologie-in-den-juwelen\/"},"modified":"2025-08-07T14:28:58","modified_gmt":"2025-08-07T12:28:58","slug":"geologie-in-den-juwelen","status":"publish","type":"post","link":"https:\/\/www.paysdesecrins.com\/de\/geologie-in-den-juwelen\/","title":{"rendered":"Geologie in den Koffern"},"content":{"rendered":"    <div class=\"alignfull wp-block-ws-library-ws-header-interne\">\n\t    <div class=\"header-container\">\n\t        <div class=\"group-media has-image\">\n\t            \t                <img loading=\"lazy\" decoding=\"async\" width=\"1920\" height=\"800\" src=\"https:\/\/www.paysdesecrins.com\/wp-content\/uploads\/2025\/07\/h0a7809-1920x800.jpg\" alt=\"\" class=\"image_large_square wp-image-42574\" \/>\n\t            \t        <\/div>\n\t        <div class=\"group-content\">\n\t            <div class=\"title\">\n\t                <h1>\n\t                    Geologie in den Koffern\t                    \t                <\/h1>\n\t            <\/div>\n\t        <\/div>\n\t    <\/div>\n\t    \n<div class=\"yoast-breadcrumbs\"><span><span><a href=\"https:\/\/www.paysdesecrins.com\/de\/der-titel-des-hauses\/\">Accueil<\/a><\/span>  <span class=\"breadcrumb_last\" aria-current=\"page\">Geologie in den Koffern<\/span><\/span><\/div>\n    <\/div>\n    \n<div class=\"wp-block-ws-library-ws-title aligncenter is-style-simple\"><h2><em>Ein geologisches Erbe<\/em>Reichhaltig und verdichtet<\/h2><\/div>\n\n<p class=\"has-text-align-center\">Die Vielfalt und der Reichtum, den das Gebiet bietet, sind einzigartig auf der Welt. Von der Form der <strong>Gipfel,<\/strong> den Spuren der Konstitution der Alpen, den <strong>Gletschermor\u00e4nen<\/strong>, <strong>den Gletschern<\/strong>, den geologischen Entwicklungen und vielen anderen Besonderheiten, die es dem Pays des \u00c9crins erm\u00f6glichen, Wissenschaftler aus allen Lebensbereichen (<strong>Geologie<\/strong>, <strong>Geomorphologie<\/strong>, <strong>Pal\u00e4ontologie) <\/strong>in dieses konzentrierte Gebiet zu locken. In weniger als 30 Minuten mit dem Auto k\u00f6nnen Sie die Spuren all dieser geologischen Elemente sehen.  <\/p>\n\n<div class=\"wp-block-ws-library-ws-slider alignfull\"><div class=\"splide\" data-splide=\"{\"type\":\"slide\",\"heightRatio\":\"auto\",\"perPage\":4,\"perMove\":1,\"drag\":true,\"pagination\":0,\"autoplay\":false,\"gap\":\"15px\",\"breakpoints\":{\"450\":{\"perPage\":1},\"768\":{\"perPage\":2},\"992\":{\"perPage\":3},\"1200\":{\"perPage\":4}}}\"><div class=\"splide__track\"><div class=\"splide__list\"><div class=\"splide__slide\"><a href=\"https:\/\/www.paysdesecrins.com\/wp-content\/uploads\/2025\/07\/131pne-eychauda-thibautblais-lac-de-leychauda-23-scaled.jpg\" data-glightbox=\"true\" class=\"lightbox-trigger\"><img decoding=\"async\" src=\"https:\/\/www.paysdesecrins.com\/wp-content\/uploads\/2025\/07\/131pne-eychauda-thibautblais-lac-de-leychauda-23-400x400.jpg\" alt=\"\"><\/a><\/div><div class=\"splide__slide\"><a href=\"https:\/\/www.paysdesecrins.com\/wp-content\/uploads\/2025\/07\/1593073755-89477746-400x400.jpg\" data-glightbox=\"true\" class=\"lightbox-trigger\"><img decoding=\"async\" src=\"https:\/\/www.paysdesecrins.com\/wp-content\/uploads\/2025\/07\/1593073755-89477746-400x400.jpg\" alt=\"\"><\/a><\/div><div class=\"splide__slide\"><a href=\"https:\/\/www.paysdesecrins.com\/wp-content\/uploads\/2025\/07\/1593073755-274117600-400x400.jpg\" data-glightbox=\"true\" class=\"lightbox-trigger\"><img decoding=\"async\" src=\"https:\/\/www.paysdesecrins.com\/wp-content\/uploads\/2025\/07\/1593073755-274117600-400x400.jpg\" alt=\"\"><\/a><\/div><div class=\"splide__slide\"><a href=\"https:\/\/www.paysdesecrins.com\/wp-content\/uploads\/2025\/07\/1593073755-1143031373-400x400.jpg\" data-glightbox=\"true\" class=\"lightbox-trigger\"><img decoding=\"async\" src=\"https:\/\/www.paysdesecrins.com\/wp-content\/uploads\/2025\/07\/1593073755-1143031373-400x400.jpg\" alt=\"\"><\/a><\/div><\/div><\/div><\/div><\/div>\n\n<div class=\"wp-block-ws-library-ws-title\"><h3><em>Das Pays des \u00c9crins<\/em> international  <\/h3><\/div>\n\n<p>Auch <strong>international<\/strong> zieht das Pays des \u00c9crins Wissenschaftler an, um das Gel\u00e4nde der <strong>Alpen<\/strong> zu erforschen. Unsere ausl\u00e4ndischen Freunde durchstreifen das Gebiet und genie\u00dfen die Freuden des Lebens im Pays des \u00c9crins, probieren <strong>lokale Spezialit\u00e4ten<\/strong>, genie\u00dfen die Freundlichkeit unserer Beherbergungsbetriebe und haben Spa\u00df bei neuen Aktivit\u00e4ten.   <\/p>\n\n<p>Akademiker der <strong>Universit\u00e4t Laval in Quebec<\/strong> kamen mit ihren Professoren, um die <strong>geologischen <\/strong>und <strong>geomorphologischen <\/strong>Formen des Pays des \u00c9crins zu studieren. Sie w\u00e4hlten dieses Gebiet wegen der Vielfalt und der einzigartigen Konzentration von geologischen Spuren auf kleinem Raum. Hier finden Sie die Details, Impressionen und das Programm dieses Aufenthaltes.  <\/p>\n\n<div class=\"wp-block-ws-library-ws-slider alignwide\"><div class=\"splide\" data-splide=\"{\"type\":\"slide\",\"heightRatio\":\"auto\",\"perPage\":4,\"perMove\":1,\"drag\":true,\"pagination\":0,\"autoplay\":false,\"gap\":\"15px\",\"breakpoints\":{\"450\":{\"perPage\":1},\"768\":{\"perPage\":2},\"992\":{\"perPage\":3},\"1200\":{\"perPage\":4}}}\"><div class=\"splide__track\"><div class=\"splide__list\"><div class=\"splide__slide\"><a href=\"https:\/\/www.paysdesecrins.com\/wp-content\/uploads\/2025\/07\/1593077951-737059205-400x400.jpg\" data-glightbox=\"true\" class=\"lightbox-trigger\"><img decoding=\"async\" src=\"https:\/\/www.paysdesecrins.com\/wp-content\/uploads\/2025\/07\/1593077951-737059205-400x400.jpg\" alt=\"\"><\/a><\/div><div class=\"splide__slide\"><a href=\"https:\/\/www.paysdesecrins.com\/wp-content\/uploads\/2025\/07\/1593078026-335545463-400x400.jpg\" data-glightbox=\"true\" class=\"lightbox-trigger\"><img decoding=\"async\" src=\"https:\/\/www.paysdesecrins.com\/wp-content\/uploads\/2025\/07\/1593078026-335545463-400x400.jpg\" alt=\"\"><\/a><\/div><div class=\"splide__slide\"><a href=\"https:\/\/www.paysdesecrins.com\/wp-content\/uploads\/2025\/07\/1593078026-531394111-400x400.jpg\" data-glightbox=\"true\" class=\"lightbox-trigger\"><img decoding=\"async\" src=\"https:\/\/www.paysdesecrins.com\/wp-content\/uploads\/2025\/07\/1593078026-531394111-400x400.jpg\" alt=\"\"><\/a><\/div><div class=\"splide__slide\"><a href=\"https:\/\/www.paysdesecrins.com\/wp-content\/uploads\/2025\/07\/1593078026-1431128498-400x400.jpg\" data-glightbox=\"true\" class=\"lightbox-trigger\"><img decoding=\"async\" src=\"https:\/\/www.paysdesecrins.com\/wp-content\/uploads\/2025\/07\/1593078026-1431128498-400x400.jpg\" alt=\"\"><\/a><\/div><\/div><\/div><\/div><\/div>\n\n<div class=\"wp-block-ws-library-ws-columns alignfull has-2-columns are-vertically-aligned-center layout-5050 is-style-background\">\n<div class=\"wp-block-ws-library-ws-column\"><div class=\"wrapper\">\n<div class=\"wp-block-ws-library-ws-title\"><h2><em>Wo die Berge<\/em>Erz\u00e4hlen Sie die Geburt der Welt<\/h2><\/div>\n\n\n\n<p>Kommen Sie und entdecken Sie die Geschichte der Welt in unserem Gebiet, von der Geburt des <strong>Alpenozeans<\/strong>, Thetis genannt, bis zu <strong>den Silberminen von Argenti\u00e8re<\/strong>. Wir durchqueren die <strong>Hebung der Alpen<\/strong> mit der \u00dcberlappungslinie der <strong>tektonischen Platten<\/strong> Afrikas und Europas auf der Durancien-Achse (Queyras \u2013 Ecrins), was einen gro\u00dfen Teil der Erhebung des Massivs und der Alpen erkl\u00e4rt. Viele Parameter f\u00fchren dazu, dass hier <strong>einzigartige geologische Kuriosit\u00e4ten<\/strong> der Welt zu finden sind, wie z.B. das <strong>Chenaillet-Massiv <\/strong>mit der &#8220; <strong>Kissenlava<\/strong> &#8222;, Laven von Unterwasservulkanen, die sich in einer Tiefe von 4.000 m befanden, w\u00e4hrend sie heute in einer H\u00f6he von 2.600 m zu finden sind, &#8230;. Geologen aus der ganzen Welt kommen, um diese einzigartigen geologischen Formen zu bewundern.  <\/p>\n<\/div><\/div>\n\n\n\n<div class=\"wp-block-ws-library-ws-column\"><div class=\"wrapper\">\n<div class=\"wp-block-ws-library-ws-image\"><div class=\"wrapper\"><div class=\"group-media\"><img decoding=\"async\" src=\"https:\/\/www.paysdesecrins.com\/wp-content\/uploads\/2025\/07\/1593073880-854475826-960x640.jpg\" alt=\"\" class=\"single_image ws-image-40533\"><div class=\"credits\"><\/div><\/div><p class=\"caption\"><\/p><\/div><\/div>\n<\/div><\/div>\n<\/div>\n\n<p>Die <strong>letzte Eiszeit<\/strong> (vor 15 bis 20.000 Jahren), als die Gipfel bis zu 1.800 m \u00fcber dem Meeresspiegel reichten, formte die Landschaft durch herrliche T\u00e4ler. Trogf\u00f6rmige T\u00e4ler mit steilen H\u00e4ngen, von den Gletschern h\u00e4ngende T\u00e4ler, &#8230; <\/p>\n\n<p>Im Herzen des Massivs kann man den <strong>granitischen Pluton<\/strong> studieren, der von einem sehr gro\u00dfen metamorphen Halo umgeben ist, der von <strong>Anatexiten<\/strong> (Mont-Pelvoux), <strong>Migmatiten<\/strong> (Barre des Ecrins) bis hin zu verschiedenen Arten von <strong>Gneis<\/strong> (Oberer Teil der Meije, Olan oder Sirac) reicht.<\/p>\n\n<div class=\"wp-block-ws-library-ws-slider alignwide\"><div class=\"splide\" data-splide=\"{\"type\":\"slide\",\"heightRatio\":\"auto\",\"perPage\":4,\"perMove\":1,\"drag\":true,\"pagination\":0,\"autoplay\":false,\"gap\":\"15px\",\"breakpoints\":{\"450\":{\"perPage\":1},\"768\":{\"perPage\":2},\"992\":{\"perPage\":3},\"1200\":{\"perPage\":4}}}\"><div class=\"splide__track\"><div class=\"splide__list\"><div class=\"splide__slide\"><a href=\"https:\/\/www.paysdesecrins.com\/wp-content\/uploads\/2025\/07\/1593074277-14445565-400x400.jpg\" data-glightbox=\"true\" class=\"lightbox-trigger\"><img decoding=\"async\" src=\"https:\/\/www.paysdesecrins.com\/wp-content\/uploads\/2025\/07\/1593074277-14445565-400x400.jpg\" alt=\"\"><\/a><\/div><div class=\"splide__slide\"><a href=\"https:\/\/www.paysdesecrins.com\/wp-content\/uploads\/2025\/07\/1593074277-201285061-400x400.jpg\" data-glightbox=\"true\" class=\"lightbox-trigger\"><img decoding=\"async\" src=\"https:\/\/www.paysdesecrins.com\/wp-content\/uploads\/2025\/07\/1593074277-201285061-400x400.jpg\" alt=\"\"><\/a><\/div><div class=\"splide__slide\"><a href=\"https:\/\/www.paysdesecrins.com\/wp-content\/uploads\/2025\/07\/1593074277-701705432-400x400.jpg\" data-glightbox=\"true\" class=\"lightbox-trigger\"><img decoding=\"async\" src=\"https:\/\/www.paysdesecrins.com\/wp-content\/uploads\/2025\/07\/1593074277-701705432-400x400.jpg\" alt=\"\"><\/a><\/div><div class=\"splide__slide\"><a href=\"https:\/\/www.paysdesecrins.com\/wp-content\/uploads\/2025\/07\/1593074277-869776430-400x400.jpg\" data-glightbox=\"true\" class=\"lightbox-trigger\"><img decoding=\"async\" src=\"https:\/\/www.paysdesecrins.com\/wp-content\/uploads\/2025\/07\/1593074277-869776430-400x400.jpg\" alt=\"\"><\/a><\/div><div class=\"splide__slide\"><a href=\"https:\/\/www.paysdesecrins.com\/wp-content\/uploads\/2025\/07\/1593074277-1252676123-400x400.jpg\" data-glightbox=\"true\" class=\"lightbox-trigger\"><img decoding=\"async\" src=\"https:\/\/www.paysdesecrins.com\/wp-content\/uploads\/2025\/07\/1593074277-1252676123-400x400.jpg\" alt=\"\"><\/a><\/div><\/div><\/div><\/div><\/div>\n\n<div class=\"wp-block-ws-library-ws-share\"><span class=\"share-subtitle\">Hat Ihnen diese Seite gefallen?<\/span><span class=\"share-title\">Teilen Sie es!<\/span><button class=\"ws-share-button wp-element-button\">Diese Seite teilen<\/button><\/div>\n","protected":false},"excerpt":{"rendered":"<p>Die Vielfalt und der Reichtum, den das Gebiet bietet, sind einzigartig auf der Welt. Von der Form der Gipfel, den [&hellip;]<\/p>\n","protected":false},"author":4,"featured_media":42577,"comment_status":"closed","ping_status":"closed","sticky":false,"template":"","format":"standard","meta":{"_thumbnail_id_2":0,"summer_excerpt":"","season":"","station":"","footnotes":""},"article_category":[],"class_list":["post-46570","post","type-post","status-publish","format-standard","has-post-thumbnail","hentry"],"yoast_head":"<!-- This site is optimized with the Yoast SEO plugin v27.3 - https:\/\/yoast.com\/product\/yoast-seo-wordpress\/ -->\n<title>Geologie in den Koffern - Pays des \u00c9crins - Office de Tourisme<\/title>\n<meta name=\"robots\" content=\"index, follow, max-snippet:-1, max-image-preview:large, max-video-preview:-1\" \/>\n<link rel=\"canonical\" href=\"https:\/\/www.paysdesecrins.com\/de\/geologie-in-den-juwelen\/\" \/>\n<meta property=\"og:locale\" content=\"de_DE\" \/>\n<meta property=\"og:type\" content=\"article\" \/>\n<meta property=\"og:title\" content=\"Geologie in den Koffern - Pays des \u00c9crins - Office de Tourisme\" \/>\n<meta property=\"og:description\" content=\"Die Vielfalt und der Reichtum, den das Gebiet bietet, sind einzigartig auf der Welt. Von der Form der Gipfel, den [&hellip;]\" \/>\n<meta property=\"og:url\" content=\"https:\/\/www.paysdesecrins.com\/de\/geologie-in-den-juwelen\/\" \/>\n<meta property=\"og:site_name\" content=\"Pays des \u00c9crins - Office de Tourisme\" \/>\n<meta property=\"article:published_time\" content=\"2025-07-24T09:35:18+00:00\" \/>\n<meta property=\"article:modified_time\" content=\"2025-08-07T12:28:58+00:00\" \/>\n<meta property=\"og:image\" content=\"https:\/\/www.paysdesecrins.com\/wp-content\/uploads\/2025\/07\/h0a7809-scaled.jpg\" \/>\n\t<meta property=\"og:image:width\" content=\"2560\" \/>\n\t<meta property=\"og:image:height\" content=\"1707\" \/>\n\t<meta property=\"og:image:type\" content=\"image\/jpeg\" \/>\n<meta name=\"author\" content=\"Juliette BISIAUX\" \/>\n<meta name=\"twitter:card\" content=\"summary_large_image\" \/>\n<meta name=\"twitter:label1\" content=\"Verfasst von\" \/>\n\t<meta name=\"twitter:data1\" content=\"Juliette BISIAUX\" \/>\n\t<meta name=\"twitter:label2\" content=\"Gesch\u00e4tzte Lesezeit\" \/>\n\t<meta name=\"twitter:data2\" content=\"2 Minuten\" \/>\n<script type=\"application\/ld+json\" class=\"yoast-schema-graph\">{\"@context\":\"https:\\\/\\\/schema.org\",\"@graph\":[{\"@type\":\"Article\",\"@id\":\"https:\\\/\\\/www.paysdesecrins.com\\\/de\\\/geologie-in-den-juwelen\\\/#article\",\"isPartOf\":{\"@id\":\"https:\\\/\\\/www.paysdesecrins.com\\\/de\\\/geologie-in-den-juwelen\\\/\"},\"author\":{\"name\":\"Juliette BISIAUX\",\"@id\":\"https:\\\/\\\/www.paysdesecrins.com\\\/de\\\/#\\\/schema\\\/person\\\/91b38c6fd482bbb5d636526af3c9c44c\"},\"headline\":\"Geologie in den Koffern\",\"datePublished\":\"2025-07-24T09:35:18+00:00\",\"dateModified\":\"2025-08-07T12:28:58+00:00\",\"mainEntityOfPage\":{\"@id\":\"https:\\\/\\\/www.paysdesecrins.com\\\/de\\\/geologie-in-den-juwelen\\\/\"},\"wordCount\":416,\"publisher\":{\"@id\":\"https:\\\/\\\/www.paysdesecrins.com\\\/de\\\/#organization\"},\"image\":{\"@id\":\"https:\\\/\\\/www.paysdesecrins.com\\\/de\\\/geologie-in-den-juwelen\\\/#primaryimage\"},\"thumbnailUrl\":\"https:\\\/\\\/www.paysdesecrins.com\\\/wp-content\\\/uploads\\\/2025\\\/07\\\/h0a7809-scaled.jpg\",\"inLanguage\":\"de\"},{\"@type\":\"WebPage\",\"@id\":\"https:\\\/\\\/www.paysdesecrins.com\\\/de\\\/geologie-in-den-juwelen\\\/\",\"url\":\"https:\\\/\\\/www.paysdesecrins.com\\\/de\\\/geologie-in-den-juwelen\\\/\",\"name\":\"Geologie in den Koffern - Pays des \u00c9crins - Office de Tourisme\",\"isPartOf\":{\"@id\":\"https:\\\/\\\/www.paysdesecrins.com\\\/de\\\/#website\"},\"primaryImageOfPage\":{\"@id\":\"https:\\\/\\\/www.paysdesecrins.com\\\/de\\\/geologie-in-den-juwelen\\\/#primaryimage\"},\"image\":{\"@id\":\"https:\\\/\\\/www.paysdesecrins.com\\\/de\\\/geologie-in-den-juwelen\\\/#primaryimage\"},\"thumbnailUrl\":\"https:\\\/\\\/www.paysdesecrins.com\\\/wp-content\\\/uploads\\\/2025\\\/07\\\/h0a7809-scaled.jpg\",\"datePublished\":\"2025-07-24T09:35:18+00:00\",\"dateModified\":\"2025-08-07T12:28:58+00:00\",\"breadcrumb\":{\"@id\":\"https:\\\/\\\/www.paysdesecrins.com\\\/de\\\/geologie-in-den-juwelen\\\/#breadcrumb\"},\"inLanguage\":\"de\",\"potentialAction\":[{\"@type\":\"ReadAction\",\"target\":[\"https:\\\/\\\/www.paysdesecrins.com\\\/de\\\/geologie-in-den-juwelen\\\/\"]}]},{\"@type\":\"ImageObject\",\"inLanguage\":\"de\",\"@id\":\"https:\\\/\\\/www.paysdesecrins.com\\\/de\\\/geologie-in-den-juwelen\\\/#primaryimage\",\"url\":\"https:\\\/\\\/www.paysdesecrins.com\\\/wp-content\\\/uploads\\\/2025\\\/07\\\/h0a7809-scaled.jpg\",\"contentUrl\":\"https:\\\/\\\/www.paysdesecrins.com\\\/wp-content\\\/uploads\\\/2025\\\/07\\\/h0a7809-scaled.jpg\",\"width\":2560,\"height\":1707},{\"@type\":\"BreadcrumbList\",\"@id\":\"https:\\\/\\\/www.paysdesecrins.com\\\/de\\\/geologie-in-den-juwelen\\\/#breadcrumb\",\"itemListElement\":[{\"@type\":\"ListItem\",\"position\":1,\"name\":\"Accueil\",\"item\":\"https:\\\/\\\/www.paysdesecrins.com\\\/de\\\/der-titel-des-hauses\\\/\"},{\"@type\":\"ListItem\",\"position\":2,\"name\":\"Geologie in den Koffern\"}]},{\"@type\":\"WebSite\",\"@id\":\"https:\\\/\\\/www.paysdesecrins.com\\\/de\\\/#website\",\"url\":\"https:\\\/\\\/www.paysdesecrins.com\\\/de\\\/\",\"name\":\"Pays des \u00c9crins - Office de Tourisme\",\"description\":\"L&#039;esprit montagne\",\"publisher\":{\"@id\":\"https:\\\/\\\/www.paysdesecrins.com\\\/de\\\/#organization\"},\"potentialAction\":[{\"@type\":\"SearchAction\",\"target\":{\"@type\":\"EntryPoint\",\"urlTemplate\":\"https:\\\/\\\/www.paysdesecrins.com\\\/de\\\/?s={search_term_string}\"},\"query-input\":{\"@type\":\"PropertyValueSpecification\",\"valueRequired\":true,\"valueName\":\"search_term_string\"}}],\"inLanguage\":\"de\"},{\"@type\":\"Organization\",\"@id\":\"https:\\\/\\\/www.paysdesecrins.com\\\/de\\\/#organization\",\"name\":\"Pays des \u00c9crins - Office de Tourisme\",\"url\":\"https:\\\/\\\/www.paysdesecrins.com\\\/de\\\/\",\"logo\":{\"@type\":\"ImageObject\",\"inLanguage\":\"de\",\"@id\":\"https:\\\/\\\/www.paysdesecrins.com\\\/de\\\/#\\\/schema\\\/logo\\\/image\\\/\",\"url\":\"https:\\\/\\\/www.paysdesecrins.com\\\/wp-content\\\/uploads\\\/2025\\\/06\\\/devina-svg-1750845694.svg\",\"contentUrl\":\"https:\\\/\\\/www.paysdesecrins.com\\\/wp-content\\\/uploads\\\/2025\\\/06\\\/devina-svg-1750845694.svg\",\"caption\":\"Pays des \u00c9crins - Office de Tourisme\"},\"image\":{\"@id\":\"https:\\\/\\\/www.paysdesecrins.com\\\/de\\\/#\\\/schema\\\/logo\\\/image\\\/\"}},{\"@type\":\"Person\",\"@id\":\"https:\\\/\\\/www.paysdesecrins.com\\\/de\\\/#\\\/schema\\\/person\\\/91b38c6fd482bbb5d636526af3c9c44c\",\"name\":\"Juliette BISIAUX\",\"url\":\"https:\\\/\\\/www.paysdesecrins.com\\\/de\\\/author\\\/juliette\\\/\"}]}<\/script>\n<!-- \/ Yoast SEO plugin. -->","yoast_head_json":{"title":"Geologie in den Koffern - Pays des \u00c9crins - Office de Tourisme","robots":{"index":"index","follow":"follow","max-snippet":"max-snippet:-1","max-image-preview":"max-image-preview:large","max-video-preview":"max-video-preview:-1"},"canonical":"https:\/\/www.paysdesecrins.com\/de\/geologie-in-den-juwelen\/","og_locale":"de_DE","og_type":"article","og_title":"Geologie in den Koffern - Pays des \u00c9crins - Office de Tourisme","og_description":"Die Vielfalt und der Reichtum, den das Gebiet bietet, sind einzigartig auf der Welt. Von der Form der Gipfel, den [&hellip;]","og_url":"https:\/\/www.paysdesecrins.com\/de\/geologie-in-den-juwelen\/","og_site_name":"Pays des \u00c9crins - Office de Tourisme","article_published_time":"2025-07-24T09:35:18+00:00","article_modified_time":"2025-08-07T12:28:58+00:00","og_image":[{"width":2560,"height":1707,"url":"https:\/\/www.paysdesecrins.com\/wp-content\/uploads\/2025\/07\/h0a7809-scaled.jpg","type":"image\/jpeg"}],"author":"Juliette BISIAUX","twitter_card":"summary_large_image","twitter_misc":{"Verfasst von":"Juliette BISIAUX","Gesch\u00e4tzte Lesezeit":"2 Minuten"},"schema":{"@context":"https:\/\/schema.org","@graph":[{"@type":"Article","@id":"https:\/\/www.paysdesecrins.com\/de\/geologie-in-den-juwelen\/#article","isPartOf":{"@id":"https:\/\/www.paysdesecrins.com\/de\/geologie-in-den-juwelen\/"},"author":{"name":"Juliette BISIAUX","@id":"https:\/\/www.paysdesecrins.com\/de\/#\/schema\/person\/91b38c6fd482bbb5d636526af3c9c44c"},"headline":"Geologie in den Koffern","datePublished":"2025-07-24T09:35:18+00:00","dateModified":"2025-08-07T12:28:58+00:00","mainEntityOfPage":{"@id":"https:\/\/www.paysdesecrins.com\/de\/geologie-in-den-juwelen\/"},"wordCount":416,"publisher":{"@id":"https:\/\/www.paysdesecrins.com\/de\/#organization"},"image":{"@id":"https:\/\/www.paysdesecrins.com\/de\/geologie-in-den-juwelen\/#primaryimage"},"thumbnailUrl":"https:\/\/www.paysdesecrins.com\/wp-content\/uploads\/2025\/07\/h0a7809-scaled.jpg","inLanguage":"de"},{"@type":"WebPage","@id":"https:\/\/www.paysdesecrins.com\/de\/geologie-in-den-juwelen\/","url":"https:\/\/www.paysdesecrins.com\/de\/geologie-in-den-juwelen\/","name":"Geologie in den Koffern - Pays des \u00c9crins - Office de Tourisme","isPartOf":{"@id":"https:\/\/www.paysdesecrins.com\/de\/#website"},"primaryImageOfPage":{"@id":"https:\/\/www.paysdesecrins.com\/de\/geologie-in-den-juwelen\/#primaryimage"},"image":{"@id":"https:\/\/www.paysdesecrins.com\/de\/geologie-in-den-juwelen\/#primaryimage"},"thumbnailUrl":"https:\/\/www.paysdesecrins.com\/wp-content\/uploads\/2025\/07\/h0a7809-scaled.jpg","datePublished":"2025-07-24T09:35:18+00:00","dateModified":"2025-08-07T12:28:58+00:00","breadcrumb":{"@id":"https:\/\/www.paysdesecrins.com\/de\/geologie-in-den-juwelen\/#breadcrumb"},"inLanguage":"de","potentialAction":[{"@type":"ReadAction","target":["https:\/\/www.paysdesecrins.com\/de\/geologie-in-den-juwelen\/"]}]},{"@type":"ImageObject","inLanguage":"de","@id":"https:\/\/www.paysdesecrins.com\/de\/geologie-in-den-juwelen\/#primaryimage","url":"https:\/\/www.paysdesecrins.com\/wp-content\/uploads\/2025\/07\/h0a7809-scaled.jpg","contentUrl":"https:\/\/www.paysdesecrins.com\/wp-content\/uploads\/2025\/07\/h0a7809-scaled.jpg","width":2560,"height":1707},{"@type":"BreadcrumbList","@id":"https:\/\/www.paysdesecrins.com\/de\/geologie-in-den-juwelen\/#breadcrumb","itemListElement":[{"@type":"ListItem","position":1,"name":"Accueil","item":"https:\/\/www.paysdesecrins.com\/de\/der-titel-des-hauses\/"},{"@type":"ListItem","position":2,"name":"Geologie in den Koffern"}]},{"@type":"WebSite","@id":"https:\/\/www.paysdesecrins.com\/de\/#website","url":"https:\/\/www.paysdesecrins.com\/de\/","name":"Pays des \u00c9crins - Office de Tourisme","description":"L&#039;esprit montagne","publisher":{"@id":"https:\/\/www.paysdesecrins.com\/de\/#organization"},"potentialAction":[{"@type":"SearchAction","target":{"@type":"EntryPoint","urlTemplate":"https:\/\/www.paysdesecrins.com\/de\/?s={search_term_string}"},"query-input":{"@type":"PropertyValueSpecification","valueRequired":true,"valueName":"search_term_string"}}],"inLanguage":"de"},{"@type":"Organization","@id":"https:\/\/www.paysdesecrins.com\/de\/#organization","name":"Pays des \u00c9crins - Office de Tourisme","url":"https:\/\/www.paysdesecrins.com\/de\/","logo":{"@type":"ImageObject","inLanguage":"de","@id":"https:\/\/www.paysdesecrins.com\/de\/#\/schema\/logo\/image\/","url":"https:\/\/www.paysdesecrins.com\/wp-content\/uploads\/2025\/06\/devina-svg-1750845694.svg","contentUrl":"https:\/\/www.paysdesecrins.com\/wp-content\/uploads\/2025\/06\/devina-svg-1750845694.svg","caption":"Pays des \u00c9crins - Office de Tourisme"},"image":{"@id":"https:\/\/www.paysdesecrins.com\/de\/#\/schema\/logo\/image\/"}},{"@type":"Person","@id":"https:\/\/www.paysdesecrins.com\/de\/#\/schema\/person\/91b38c6fd482bbb5d636526af3c9c44c","name":"Juliette BISIAUX","url":"https:\/\/www.paysdesecrins.com\/de\/author\/juliette\/"}]}},"_links":{"self":[{"href":"https:\/\/www.paysdesecrins.com\/de\/wp-json\/wp\/v2\/posts\/46570","targetHints":{"allow":["GET"]}}],"collection":[{"href":"https:\/\/www.paysdesecrins.com\/de\/wp-json\/wp\/v2\/posts"}],"about":[{"href":"https:\/\/www.paysdesecrins.com\/de\/wp-json\/wp\/v2\/types\/post"}],"author":[{"embeddable":true,"href":"https:\/\/www.paysdesecrins.com\/de\/wp-json\/wp\/v2\/users\/4"}],"replies":[{"embeddable":true,"href":"https:\/\/www.paysdesecrins.com\/de\/wp-json\/wp\/v2\/comments?post=46570"}],"version-history":[{"count":0,"href":"https:\/\/www.paysdesecrins.com\/de\/wp-json\/wp\/v2\/posts\/46570\/revisions"}],"wp:featuredmedia":[{"embeddable":true,"href":"https:\/\/www.paysdesecrins.com\/de\/wp-json\/wp\/v2\/media\/42577"}],"wp:attachment":[{"href":"https:\/\/www.paysdesecrins.com\/de\/wp-json\/wp\/v2\/media?parent=46570"}],"wp:term":[{"taxonomy":"article_category","embeddable":true,"href":"https:\/\/www.paysdesecrins.com\/de\/wp-json\/wp\/v2\/article_category?post=46570"}],"curies":[{"name":"wp","href":"https:\/\/api.w.org\/{rel}","templated":true}]}}