{"id":46588,"date":"2025-07-24T11:18:11","date_gmt":"2025-07-24T09:18:11","guid":{"rendered":"https:\/\/www.paysdesecrins.com\/top-10-mountainbike-routen-in-den-hochalpen\/"},"modified":"2025-08-07T09:33:51","modified_gmt":"2025-08-07T07:33:51","slug":"top-10-mountainbike-routen-in-den-hochalpen","status":"publish","type":"post","link":"https:\/\/www.paysdesecrins.com\/de\/top-10-mountainbike-routen-in-den-hochalpen\/","title":{"rendered":"Top 10 Mountainbike-Routen in den Hochalpen"},"content":{"rendered":"    <div class=\"alignfull wp-block-ws-library-ws-header-interne\">\n\t    <div class=\"header-container\">\n\t        <div class=\"group-media has-image\">\n\t            \t                <img loading=\"lazy\" decoding=\"async\" width=\"1920\" height=\"800\" src=\"https:\/\/www.paysdesecrins.com\/wp-content\/uploads\/2025\/07\/vtt-geotrek-parcours-7-0jpg-1920x800.jpg\" alt=\"\" class=\"image_large_square wp-image-41132\" \/>\n\t            \t        <\/div>\n\t        <div class=\"group-content\">\n\t            <div class=\"title\">\n\t                <h1>\n\t                    Top 10 Mountainbike-Routen in den Hochalpen\t                    \t                <\/h1>\n\t            <\/div>\n\t        <\/div>\n\t    <\/div>\n\t    \n<div class=\"yoast-breadcrumbs\"><span><span><a href=\"https:\/\/www.paysdesecrins.com\/de\/der-titel-des-hauses\/\">Accueil<\/a><\/span>  <span class=\"breadcrumb_last\" aria-current=\"page\">Top 10 Mountainbike-Routen in den Hochalpen<\/span><\/span><\/div>\n    <\/div>\n    \n<div class=\"wp-block-ws-library-ws-title aligncenter is-style-simple\"><h2><em>Die Top 10<\/em>Mountainbike-Routen im Pays des \u00c9crins<\/h2><\/div>\n\n<p class=\"has-text-align-center\">M\u00f6chten Sie die Hautes-Alpes mit dem Mountainbike entdecken? Entdecken Sie die 10 besten Routen zwischen Bergen, W\u00e4ldern und atemberaubenden Panoramen. Egal, ob Sie Anf\u00e4nger oder erfahrener Kletterer sind, diese markierten Routen f\u00fchren Sie in das Herz eines wilden und gesch\u00fctzten Gebiets. In die Pedale!   <\/p>\n\n<div class=\"wp-block-ws-library-ws-columns alignwide has-2-columns are-vertically-aligned-center layout-5050 is-style-background\">\n<div class=\"wp-block-ws-library-ws-column\"><div class=\"wrapper\">\n<div class=\"wp-block-ws-library-ws-title\"><h3><em>Puy Saint Vincent <\/em>Rennstrecke von Narreyroux<\/h3><\/div>\n\n\n\n<p>3 D\u00f6rfer, 3 <strong>Atmosph\u00e4ren<\/strong>, 3 Arten von <strong>Landschaften <\/strong>f\u00fcr diese <strong>Schleife<\/strong>, die in Puy Saint Vincent 1400 beginnt und zun\u00e4chst in Richtung der kleinen Weiler <strong>Prey d&#8217;Aval<\/strong> und <strong>Prey d&#8217;Amont<\/strong> beginnt, bevor sie \u00fcber einen steilen, aber <strong>sehr<\/strong> <strong>angenehmen<\/strong> Anstieg nach Puy Saint Vincent 1600 zur\u00fcckkehrt. Wir durchqueren das Herz des Ortes von oben, bevor wir in den <strong>Wald<\/strong> eintreten, nach einem letzten Blick auf die Condamine und Chambran, auf einem einzigen Pfad in Richtung des <strong>paradiesischen Dorfes <\/strong><strong>Narreyroux<\/strong>, das heimlich in seinem <strong>Tal<\/strong> versteckt ist. Nachdem man die <strong>Aussicht<\/strong> lange bewundert hat, geht es geradeaus, bergab am Bach entlang, bis zur Kapelle St. Vinzenz.  <\/p>\n<\/div><\/div>\n\n\n\n<div class=\"wp-block-ws-library-ws-column\"><div class=\"wrapper\">\n<div class=\"wp-block-ws-library-ws-image\"><div class=\"wrapper\"><div class=\"group-media\"><img decoding=\"async\" src=\"https:\/\/www.paysdesecrins.com\/wp-content\/uploads\/2025\/07\/1594886146-1441292154-960x640.jpg\" alt=\"\" class=\"single_image ws-image-40209\"><div class=\"credits\"><\/div><\/div><p class=\"caption\"><\/p><\/div><\/div>\n<\/div><\/div>\n<\/div>\n\n<div class=\"wp-block-ws-library-ws-title\"><h3><em>Vallouise<\/em>Wellen-Schaltung<\/h3><\/div>\n\n<p>Der perfekte Rundweg f\u00fcr einen <strong>Familienspaziergang<\/strong> oder einen <strong>Erholungsausflug<\/strong> entlang des Wildbaches Onde, unter <strong>der Frische der L\u00e4rchen<\/strong>, mit dem zus\u00e4tzlichen Bonus des <strong>beruhigenden Klangs des Wildbaches <\/strong>, der Sie auf der gesamten Strecke begleitet. Diese Route ist sehr <strong>einfach <\/strong>und f\u00fcr alle <strong>zug\u00e4nglich <\/strong>und ideal, um einen Teil des <strong>Vallouise-Tals<\/strong> von der <strong>Onde <\/strong>bis zur <strong>Gyronde<\/strong> zu entdecken. <\/p>\n\n<div class=\"wp-block-ws-library-ws-columns alignwide has-2-columns are-vertically-aligned-center layout-5050 is-style-background\">\n<div class=\"wp-block-ws-library-ws-column\"><div class=\"wrapper\">\n<div class=\"wp-block-ws-library-ws-image\"><div class=\"wrapper\"><div class=\"group-media\"><img decoding=\"async\" src=\"https:\/\/www.paysdesecrins.com\/wp-content\/uploads\/2025\/07\/1594887013-161628785-960x640.jpg\" alt=\"\" class=\"single_image ws-image-40215\"><div class=\"credits\"><\/div><\/div><p class=\"caption\"><\/p><\/div><\/div>\n<\/div><\/div>\n\n\n\n<div class=\"wp-block-ws-library-ws-column\"><div class=\"wrapper\">\n<div class=\"wp-block-ws-library-ws-title\"><h3><em>Pelvoux<\/em> Kesselkreislauf<\/h3><\/div>\n\n\n\n<p>Neben oder oberhalb des Wildbachs <strong>Gyr<\/strong> ist dieser Weg <strong>perfekt<\/strong>, um das <strong>Pelvoux-Tal<\/strong> zu bewundern, wobei sich <strong>leichte <\/strong><strong>Abschnitte<\/strong> auf dem Forstweg und einige <strong>technische, aber erschwingliche Abschnitte<\/strong> abwechseln, was ihn zu einer <strong>idealen Route <\/strong>f\u00fcr den Einstieg in das <strong>Mountainbiken<\/strong> <strong>macht.<\/strong> Der Aufstieg zum <strong>Chambran-Tal <\/strong><strong> <\/strong>w\u00fcrde Sie fast dazu bringen, weiter in Richtung dieses atypischen Weilers aufzusteigen, aber der Wunsch, den <strong>Pelvoux <\/strong>und die anderen Gipfel der<strong>\u00c9crins <\/strong>auf einem herrlichen <strong>Balkonweg <\/strong><strong> <\/strong>zu betrachten, ist zu stark, so dass Sie Ihre Reise nach <strong>Vallouise<\/strong> fortsetzen, bevor Sie entlang des Gyr nach Pelvoux zur\u00fcckkehren.<\/p>\n<\/div><\/div>\n<\/div>\n\n<div class=\"wp-block-ws-library-ws-title\"><h3><em>Puy Saint Vincent<\/em> col de la pousterle<\/h3><\/div>\n\n<p>Ein <strong>herrlicher <\/strong><strong>Balkonweg <\/strong>entlang der Berge von Puy Saint Vincent, beginnend mit dem Resort von 1800. Der Weg f\u00fchrt in den <strong>Wald <\/strong>hinein und gelangt auf die <strong>Lichtung <\/strong>von <strong>Tournoux<\/strong>, wo Sie einen Moment anhalten k\u00f6nnen, um die <strong>herrlichen Chalets<\/strong> <strong>zu bewundern. Die \u00d6ffnung des Blicks erm\u00f6glicht es Ihnen auch, den <strong>T\u00eate <\/strong><strong>d&#8217;Amont <\/strong>auf der anderen Seite des Tals und den Pelvoux hinter sich zu beobachten. Wieder losgefahren, sind es nur noch wenige Pedaltritte, um auf der <strong>Hochebene <\/strong><strong>von Pousterle <\/strong> mit ihren <strong>Blumenwiesen <\/strong>und <strong>malerischen B\u00e4chen<\/strong> anzukommen. Wir schieben uns noch ein St\u00fcck weiter als den Pass, um den Blick auf das <strong>Fourneltal <\/strong>zu haben, der sich erst <strong> <\/strong>im letzten Moment erschlie\u00dft.<\/strong>    <\/p>\n\n<div class=\"wp-block-ws-library-ws-slider alignwide\"><div class=\"splide\" data-splide=\"{\"type\":\"slide\",\"heightRatio\":\"auto\",\"perPage\":4,\"perMove\":1,\"drag\":true,\"pagination\":0,\"autoplay\":false,\"gap\":\"2px\",\"breakpoints\":{\"450\":{\"perPage\":1},\"768\":{\"perPage\":2},\"992\":{\"perPage\":3},\"1200\":{\"perPage\":4}}}\"><div class=\"splide__track\"><div class=\"splide__list\"><div class=\"splide__slide\"><a href=\"https:\/\/www.paysdesecrins.com\/wp-content\/uploads\/2025\/07\/1594887273-1116355637-400x400.jpg\" data-glightbox=\"true\" class=\"lightbox-trigger\"><img decoding=\"async\" src=\"https:\/\/www.paysdesecrins.com\/wp-content\/uploads\/2025\/07\/1594887273-1116355637-400x400.jpg\" alt=\"\"><\/a><\/div><div class=\"splide__slide\"><a href=\"https:\/\/www.paysdesecrins.com\/wp-content\/uploads\/2025\/07\/1594887273-1476686524-400x400.jpg\" data-glightbox=\"true\" class=\"lightbox-trigger\"><img decoding=\"async\" src=\"https:\/\/www.paysdesecrins.com\/wp-content\/uploads\/2025\/07\/1594887273-1476686524-400x400.jpg\" alt=\"\"><\/a><\/div><div class=\"splide__slide\"><a href=\"https:\/\/www.paysdesecrins.com\/wp-content\/uploads\/2025\/07\/1594887273-1220673510-400x400.jpg\" data-glightbox=\"true\" class=\"lightbox-trigger\"><img decoding=\"async\" src=\"https:\/\/www.paysdesecrins.com\/wp-content\/uploads\/2025\/07\/1594887273-1220673510-400x400.jpg\" alt=\"\"><\/a><\/div><\/div><\/div><\/div><\/div>\n\n<div class=\"wp-block-ws-library-ws-columns alignwide has-2-columns are-vertically-aligned-center layout-5050 is-style-background\">\n<div class=\"wp-block-ws-library-ws-column\"><div class=\"wrapper\">\n<div class=\"wp-block-ws-library-ws-title\"><h3><em>Puy St. Vincent<\/em> Gro\u00dfe K\u00f6pfe<\/h3><\/div>\n\n\n\n<p>Gleicher Start wie f\u00fcr den <strong>Col de la Pousterle<\/strong>, aber dieses Mal <strong>treten wir etwas mehr in die Pedale<\/strong>, um den Gipfel des <strong>T\u00eates<\/strong> zu erklimmen, der<strong> das Durance-Tal<\/strong> und die <strong>Stadt l&#8217;Argenti\u00e8re dominiert.<\/strong> Vom Gipfel aus kann man<strong> die gesamte Queyras-Kette<\/strong> von <strong>Brian\u00e7on <\/strong>bis <strong>Vars<\/strong> sehen. Der R\u00fcckweg erfolgt durch den <strong>Wald<\/strong>, um eine <strong>ruhige<\/strong> <strong>Abfahrt<\/strong> zu gew\u00e4hrleisten, bei der Sie den <strong>Monte Pelvoux <\/strong>und die <strong>Cucumelle <\/strong>bewundern k\u00f6nnen, die in der Ferne zu sehen sind. <\/p>\n<\/div><\/div>\n\n\n\n<div class=\"wp-block-ws-library-ws-column\"><div class=\"wrapper\">\n<div class=\"wp-block-ws-library-ws-image\"><div class=\"wrapper\"><div class=\"group-media\"><img decoding=\"async\" src=\"https:\/\/www.paysdesecrins.com\/wp-content\/uploads\/2025\/07\/1594887750-1992666992-960x640.jpg\" alt=\"\" class=\"single_image ws-image-40235\"><div class=\"credits\"><\/div><\/div><p class=\"caption\"><\/p><\/div><\/div>\n<\/div><\/div>\n<\/div>\n\n<div class=\"wp-block-ws-library-ws-title\"><h3><em>L&#8217;Argenti\u00e8re-La Bess\u00e9e<\/em> Die Drehung der K\u00f6pfe<\/h3><\/div>\n\n<p>Ausgehend von Argenti\u00e8re-la-Bess\u00e9e ist diese Route <strong>anspruchsvoll<\/strong>, aber <strong>die Anstrengung lohnt sich mehr.<\/strong> Wir steigen zun\u00e4chst entlang des <strong>Wildbachs<\/strong> in <strong>Richtung Fournel-Tal<\/strong> auf, bevor wir den <strong>langen Anstieg<\/strong> zum <strong>Col de la Pousterle<\/strong> in Angriff nehmen. Dieser Anstieg ist sehr <strong>regelm\u00e4\u00dfig<\/strong> und viel <strong>schneller, als<\/strong> Sie es sich h\u00e4tten vorstellen k\u00f6nnen, vor allem <strong>dank der Aussicht, die sich mit jeder Kurve \u00e4ndert.<\/strong> Die <strong>Hochebene von Pousterle <\/strong>ist eine Wohltat f\u00fcr die Augen und auch ein wenig f\u00fcr die Beine, bevor sie die <strong>steile <\/strong>und <strong>technische <\/strong><strong>Abfahrt<\/strong> in Angriff nimmt, die auf einem sehr sch\u00f6nen Single in Richtung Argenti\u00e8re f\u00fchrt.  <\/p>\n\n<div class=\"wp-block-ws-library-ws-columns alignwide has-2-columns are-vertically-aligned-center layout-5050 is-style-background\">\n<div class=\"wp-block-ws-library-ws-column\"><div class=\"wrapper\">\n<div class=\"wp-block-ws-library-ws-image\"><div class=\"wrapper\"><div class=\"group-media\"><img decoding=\"async\" src=\"https:\/\/www.paysdesecrins.com\/wp-content\/uploads\/2025\/07\/1594888290-1862346699-960x640.jpg\" alt=\"\" class=\"single_image ws-image-40242\"><div class=\"credits\"><\/div><\/div><p class=\"caption\"><\/p><\/div><\/div>\n<\/div><\/div>\n\n\n\n<div class=\"wp-block-ws-library-ws-column\"><div class=\"wrapper\">\n<div class=\"wp-block-ws-library-ws-title\"><h3><em>L&#8217;Argenti\u00e8re-La Bess\u00e9e<\/em> col d&#8217;anon \u2013 col des lauzes<\/h3><\/div>\n\n\n\n<p>Eine <strong>sehr sch\u00f6ne Schleife<\/strong> , die im <strong>Fournel-Tal<\/strong> beginnt, das sich im <strong>schattigen Unterholz<\/strong> in Richtung <strong>Col des<\/strong> <strong>Lauzes erhebt<\/strong>, von wo aus Sie das <strong>lange Tal von Freissini\u00e8res<\/strong> mit dem Weiler <strong>Dormillouse <\/strong>am Ende des Tals entdecken k\u00f6nnen. Da ein Pass nicht f\u00fcr einen Tag reicht, f\u00fchrt ein <strong>Balkonweg<\/strong> schnell zum <strong>Col d&#8217;Anon<\/strong> ; Diesmal fahren wir nach Norden und k\u00f6nnen in der Ferne den <strong>Pelvoux <\/strong>sowie die<strong> Berge des Brian\u00e7onnais<\/strong> sehen. Dann nehmen wir die <strong>Abfahrt<\/strong> in Angriff, zun\u00e4chst sanft, dann rundet ein kleiner Steilhang in engen Haarnadelkurven diese <strong>herrliche Wanderung<\/strong> ab.  <\/p>\n<\/div><\/div>\n<\/div>\n\n<div class=\"wp-block-ws-library-ws-title\"><h3><em>Die Vigneaux<\/em>Grand Parcher Rennstrecke<\/h3><\/div>\n\n<p>Entlang der <strong>Gyronde<\/strong>, unter den <strong>Montbrison <\/strong>und den <strong>T\u00eates<\/strong> hindurch, ist diese<strong> sehr einfache<\/strong> Schleife ein perfekter Prolog zur Atmosph\u00e4re des <strong>Vallouise-Tals<\/strong>, der zwischen Schatten und Licht, zwischen <strong>Unterholz<\/strong> und <strong>Blumenwiese<\/strong> wechselt. Der R\u00fcckweg, auf einem <strong>Balkon<\/strong>, nimmt die <strong>Adrets <\/strong> auf, um den <strong>Rif <\/strong>zu \u00fcberqueren und die <strong>Schluchten der Durance<\/strong> in der Ferne zu sehen. <\/p>\n\n<div class=\"wp-block-ws-library-ws-columns alignwide has-2-columns are-vertically-aligned-center layout-5050 is-style-background\">\n<div class=\"wp-block-ws-library-ws-column\"><div class=\"wrapper\">\n<div class=\"wp-block-ws-library-ws-title\"><h3><em>Freissini\u00e8res<\/em>Umrundung der Ebene<\/h3><\/div>\n\n\n\n<p>Eine <strong>Ebene<\/strong>, ein <strong>Bach<\/strong>, Sonne und Blumen, was will man mehr f\u00fcr einen<strong> ruhigen Familienspaziergang.<\/strong> Gesch\u00fctzt vor dem L\u00e4rm und der Hektik der Durance<strong> ist diese Schleife perfekt f\u00fcr einen ruhigen Ausflug,<\/strong> bei dem Sie das unber\u00fchrte Tal von Freissini\u00e8res entdecken, mit dem zus\u00e4tzlichen Bonus eines <strong>Blicks auf die Schlucht von Gourfouran<\/strong> auf der einen Seite der Schleife und <strong>Dormillouse<\/strong> auf der anderen Seite.<\/p>\n<\/div><\/div>\n\n\n\n<div class=\"wp-block-ws-library-ws-column\"><div class=\"wrapper\">\n<div class=\"wp-block-ws-library-ws-image\"><div class=\"wrapper\"><div class=\"group-media\"><img decoding=\"async\" src=\"https:\/\/www.paysdesecrins.com\/wp-content\/uploads\/2025\/07\/1594889829-600436716-960x640.jpg\" alt=\"\" class=\"single_image ws-image-40247\"><div class=\"credits\"><\/div><\/div><p class=\"caption\"><\/p><\/div><\/div>\n<\/div><\/div>\n<\/div>\n\n<div class=\"wp-block-ws-library-ws-title\"><h3><em>L&#8217;Argenti\u00e8re-La Bess\u00e9e<\/em>Blaue Disteln<\/h3><\/div>\n\n<p>Die<strong> blaue Distel<\/strong>, auch <strong>als K\u00f6nigin der Alpen<\/strong> bekannt, ist eine Blume, die es versteht, sich begehrt zu machen. Sobald Sie das <strong>Fournel-Tal<\/strong> erreicht haben, wollen Sie nur noch das, also beschleunigt sich der Pedaltritt entlang dieses<strong> engen und wilden Tals<\/strong>, auf einer relativ flachen Strecke, sobald Sie in das Tal eingefahren sind. Am Ende der Route befindet sich das 1993 gegr\u00fcndete biologische Reservat Desleoures, das <strong>eine der gr\u00f6\u00dften Populationen von Blaudisteln in<\/strong> <strong>Europa<\/strong> beherbergt.  <\/p>\n\n<div class=\"wp-block-ws-library-ws-slider alignfull\"><div class=\"splide\" data-splide=\"{\"type\":\"slide\",\"heightRatio\":\"auto\",\"perPage\":4,\"perMove\":1,\"drag\":true,\"pagination\":0,\"autoplay\":false,\"gap\":\"15px\",\"breakpoints\":{\"450\":{\"perPage\":1},\"768\":{\"perPage\":2},\"992\":{\"perPage\":3},\"1200\":{\"perPage\":4}}}\"><div class=\"splide__track\"><div class=\"splide__list\"><div class=\"splide__slide\"><a href=\"https:\/\/www.paysdesecrins.com\/wp-content\/uploads\/2025\/07\/18veloderoute-dsc00234-400x400.jpg\" data-glightbox=\"true\" class=\"lightbox-trigger\"><img decoding=\"async\" src=\"https:\/\/www.paysdesecrins.com\/wp-content\/uploads\/2025\/07\/18veloderoute-dsc00234-400x400.jpg\" alt=\"\"><\/a><\/div><div class=\"splide__slide\"><a href=\"https:\/\/www.paysdesecrins.com\/wp-content\/uploads\/2025\/07\/18vtt-veloderoute-dsc04261-scaled.jpg\" data-glightbox=\"true\" class=\"lightbox-trigger\"><img decoding=\"async\" src=\"https:\/\/www.paysdesecrins.com\/wp-content\/uploads\/2025\/07\/18vtt-veloderoute-dsc04261-400x400.jpg\" alt=\"\"><\/a><\/div><div class=\"splide__slide\"><a href=\"https:\/\/www.paysdesecrins.com\/wp-content\/uploads\/2025\/07\/18vtt-veloderoute-dsc03567-2-scaled.jpg\" data-glightbox=\"true\" class=\"lightbox-trigger\"><img decoding=\"async\" src=\"https:\/\/www.paysdesecrins.com\/wp-content\/uploads\/2025\/07\/18vtt-veloderoute-dsc03567-2-400x400.jpg\" alt=\"\"><\/a><\/div><div class=\"splide__slide\"><a href=\"https:\/\/www.paysdesecrins.com\/wp-content\/uploads\/2025\/07\/1594890137-115249266-400x400.jpg\" data-glightbox=\"true\" class=\"lightbox-trigger\"><img decoding=\"async\" src=\"https:\/\/www.paysdesecrins.com\/wp-content\/uploads\/2025\/07\/1594890137-115249266-400x400.jpg\" alt=\"\"><\/a><\/div><div class=\"splide__slide\"><a href=\"https:\/\/www.paysdesecrins.com\/wp-content\/uploads\/2025\/07\/1594890137-1944355918-400x400.jpg\" data-glightbox=\"true\" class=\"lightbox-trigger\"><img decoding=\"async\" src=\"https:\/\/www.paysdesecrins.com\/wp-content\/uploads\/2025\/07\/1594890137-1944355918-400x400.jpg\" alt=\"\"><\/a><\/div><div class=\"splide__slide\"><a href=\"https:\/\/www.paysdesecrins.com\/wp-content\/uploads\/2025\/07\/1594890137-2110645372-400x400.jpg\" data-glightbox=\"true\" class=\"lightbox-trigger\"><img decoding=\"async\" src=\"https:\/\/www.paysdesecrins.com\/wp-content\/uploads\/2025\/07\/1594890137-2110645372-400x400.jpg\" alt=\"\"><\/a><\/div><\/div><\/div><\/div><\/div>\n\n<div class=\"wp-block-ws-library-ws-featured-content\">\n<div class=\"wp-block-ws-library-ws-title\"><h2>Planen Sie Ihre Routen online<\/h2><\/div>\n\n\n\n<p>Entdecken Sie unsere <strong>Website, die dem Wandern in den \u00c9crins gewidmet<\/strong> ist, und bereiten Sie Ihren n\u00e4chsten Ausflug so gut wie m\u00f6glich vor!<\/p>\n\n\n\n<div class=\"wp-block-ws-library-ws-button has-text-align-left is-style-default\"><a href=\"https:\/\/rando.paysdesecrins.com\/\" class=\"wp-block-button__link wp-element-button btn\">  Alle Routen<\/a><\/div>\n<\/div>\n","protected":false},"excerpt":{"rendered":"<p>M\u00f6chten Sie die Hautes-Alpes mit dem Mountainbike entdecken? Entdecken Sie die 10 besten Routen zwischen Bergen, W\u00e4ldern und atemberaubenden Panoramen. [&hellip;]<\/p>\n","protected":false},"author":4,"featured_media":41135,"comment_status":"closed","ping_status":"closed","sticky":false,"template":"","format":"standard","meta":{"_thumbnail_id_2":0,"summer_excerpt":"","season":"","station":"","footnotes":""},"article_category":[],"class_list":["post-46588","post","type-post","status-publish","format-standard","has-post-thumbnail","hentry"],"yoast_head":"<!-- This site is optimized with the Yoast SEO plugin v27.3 - https:\/\/yoast.com\/product\/yoast-seo-wordpress\/ -->\n<title>Top 10 Mountainbike-Routen in den Hochalpen - Pays des \u00c9crins - Office de Tourisme<\/title>\n<meta name=\"robots\" content=\"index, follow, max-snippet:-1, max-image-preview:large, max-video-preview:-1\" \/>\n<link rel=\"canonical\" href=\"https:\/\/www.paysdesecrins.com\/de\/top-10-mountainbike-routen-in-den-hochalpen\/\" \/>\n<meta property=\"og:locale\" content=\"de_DE\" \/>\n<meta property=\"og:type\" content=\"article\" \/>\n<meta property=\"og:title\" content=\"Top 10 Mountainbike-Routen in den Hochalpen - Pays des \u00c9crins - Office de Tourisme\" \/>\n<meta property=\"og:description\" content=\"M\u00f6chten Sie die Hautes-Alpes mit dem Mountainbike entdecken? Entdecken Sie die 10 besten Routen zwischen Bergen, W\u00e4ldern und atemberaubenden Panoramen. [&hellip;]\" \/>\n<meta property=\"og:url\" content=\"https:\/\/www.paysdesecrins.com\/de\/top-10-mountainbike-routen-in-den-hochalpen\/\" \/>\n<meta property=\"og:site_name\" content=\"Pays des \u00c9crins - Office de Tourisme\" \/>\n<meta property=\"article:published_time\" content=\"2025-07-24T09:18:11+00:00\" \/>\n<meta property=\"article:modified_time\" content=\"2025-08-07T07:33:51+00:00\" \/>\n<meta property=\"og:image\" content=\"https:\/\/www.paysdesecrins.com\/wp-content\/uploads\/2025\/07\/vtt-geotrek-parcours-7-0jpg-scaled.jpg\" \/>\n\t<meta property=\"og:image:width\" content=\"2560\" \/>\n\t<meta property=\"og:image:height\" content=\"1707\" \/>\n\t<meta property=\"og:image:type\" content=\"image\/jpeg\" \/>\n<meta name=\"author\" content=\"Juliette BISIAUX\" \/>\n<meta name=\"twitter:card\" content=\"summary_large_image\" \/>\n<meta name=\"twitter:label1\" content=\"Verfasst von\" \/>\n\t<meta name=\"twitter:data1\" content=\"Juliette BISIAUX\" \/>\n\t<meta name=\"twitter:label2\" content=\"Gesch\u00e4tzte Lesezeit\" \/>\n\t<meta name=\"twitter:data2\" content=\"5 Minuten\" \/>\n<script type=\"application\/ld+json\" class=\"yoast-schema-graph\">{\"@context\":\"https:\\\/\\\/schema.org\",\"@graph\":[{\"@type\":\"Article\",\"@id\":\"https:\\\/\\\/www.paysdesecrins.com\\\/de\\\/top-10-mountainbike-routen-in-den-hochalpen\\\/#article\",\"isPartOf\":{\"@id\":\"https:\\\/\\\/www.paysdesecrins.com\\\/de\\\/top-10-mountainbike-routen-in-den-hochalpen\\\/\"},\"author\":{\"name\":\"Juliette BISIAUX\",\"@id\":\"https:\\\/\\\/www.paysdesecrins.com\\\/de\\\/#\\\/schema\\\/person\\\/91b38c6fd482bbb5d636526af3c9c44c\"},\"headline\":\"Top 10 Mountainbike-Routen in den Hochalpen\",\"datePublished\":\"2025-07-24T09:18:11+00:00\",\"dateModified\":\"2025-08-07T07:33:51+00:00\",\"mainEntityOfPage\":{\"@id\":\"https:\\\/\\\/www.paysdesecrins.com\\\/de\\\/top-10-mountainbike-routen-in-den-hochalpen\\\/\"},\"wordCount\":1040,\"publisher\":{\"@id\":\"https:\\\/\\\/www.paysdesecrins.com\\\/de\\\/#organization\"},\"image\":{\"@id\":\"https:\\\/\\\/www.paysdesecrins.com\\\/de\\\/top-10-mountainbike-routen-in-den-hochalpen\\\/#primaryimage\"},\"thumbnailUrl\":\"https:\\\/\\\/www.paysdesecrins.com\\\/wp-content\\\/uploads\\\/2025\\\/07\\\/vtt-geotrek-parcours-7-0jpg-scaled.jpg\",\"inLanguage\":\"de\"},{\"@type\":\"WebPage\",\"@id\":\"https:\\\/\\\/www.paysdesecrins.com\\\/de\\\/top-10-mountainbike-routen-in-den-hochalpen\\\/\",\"url\":\"https:\\\/\\\/www.paysdesecrins.com\\\/de\\\/top-10-mountainbike-routen-in-den-hochalpen\\\/\",\"name\":\"Top 10 Mountainbike-Routen in den Hochalpen - Pays des \u00c9crins - Office de Tourisme\",\"isPartOf\":{\"@id\":\"https:\\\/\\\/www.paysdesecrins.com\\\/de\\\/#website\"},\"primaryImageOfPage\":{\"@id\":\"https:\\\/\\\/www.paysdesecrins.com\\\/de\\\/top-10-mountainbike-routen-in-den-hochalpen\\\/#primaryimage\"},\"image\":{\"@id\":\"https:\\\/\\\/www.paysdesecrins.com\\\/de\\\/top-10-mountainbike-routen-in-den-hochalpen\\\/#primaryimage\"},\"thumbnailUrl\":\"https:\\\/\\\/www.paysdesecrins.com\\\/wp-content\\\/uploads\\\/2025\\\/07\\\/vtt-geotrek-parcours-7-0jpg-scaled.jpg\",\"datePublished\":\"2025-07-24T09:18:11+00:00\",\"dateModified\":\"2025-08-07T07:33:51+00:00\",\"breadcrumb\":{\"@id\":\"https:\\\/\\\/www.paysdesecrins.com\\\/de\\\/top-10-mountainbike-routen-in-den-hochalpen\\\/#breadcrumb\"},\"inLanguage\":\"de\",\"potentialAction\":[{\"@type\":\"ReadAction\",\"target\":[\"https:\\\/\\\/www.paysdesecrins.com\\\/de\\\/top-10-mountainbike-routen-in-den-hochalpen\\\/\"]}]},{\"@type\":\"ImageObject\",\"inLanguage\":\"de\",\"@id\":\"https:\\\/\\\/www.paysdesecrins.com\\\/de\\\/top-10-mountainbike-routen-in-den-hochalpen\\\/#primaryimage\",\"url\":\"https:\\\/\\\/www.paysdesecrins.com\\\/wp-content\\\/uploads\\\/2025\\\/07\\\/vtt-geotrek-parcours-7-0jpg-scaled.jpg\",\"contentUrl\":\"https:\\\/\\\/www.paysdesecrins.com\\\/wp-content\\\/uploads\\\/2025\\\/07\\\/vtt-geotrek-parcours-7-0jpg-scaled.jpg\",\"width\":2560,\"height\":1707},{\"@type\":\"BreadcrumbList\",\"@id\":\"https:\\\/\\\/www.paysdesecrins.com\\\/de\\\/top-10-mountainbike-routen-in-den-hochalpen\\\/#breadcrumb\",\"itemListElement\":[{\"@type\":\"ListItem\",\"position\":1,\"name\":\"Accueil\",\"item\":\"https:\\\/\\\/www.paysdesecrins.com\\\/de\\\/der-titel-des-hauses\\\/\"},{\"@type\":\"ListItem\",\"position\":2,\"name\":\"Top 10 Mountainbike-Routen in den Hochalpen\"}]},{\"@type\":\"WebSite\",\"@id\":\"https:\\\/\\\/www.paysdesecrins.com\\\/de\\\/#website\",\"url\":\"https:\\\/\\\/www.paysdesecrins.com\\\/de\\\/\",\"name\":\"Pays des \u00c9crins - Office de Tourisme\",\"description\":\"L&#039;esprit montagne\",\"publisher\":{\"@id\":\"https:\\\/\\\/www.paysdesecrins.com\\\/de\\\/#organization\"},\"potentialAction\":[{\"@type\":\"SearchAction\",\"target\":{\"@type\":\"EntryPoint\",\"urlTemplate\":\"https:\\\/\\\/www.paysdesecrins.com\\\/de\\\/?s={search_term_string}\"},\"query-input\":{\"@type\":\"PropertyValueSpecification\",\"valueRequired\":true,\"valueName\":\"search_term_string\"}}],\"inLanguage\":\"de\"},{\"@type\":\"Organization\",\"@id\":\"https:\\\/\\\/www.paysdesecrins.com\\\/de\\\/#organization\",\"name\":\"Pays des \u00c9crins - Office de Tourisme\",\"url\":\"https:\\\/\\\/www.paysdesecrins.com\\\/de\\\/\",\"logo\":{\"@type\":\"ImageObject\",\"inLanguage\":\"de\",\"@id\":\"https:\\\/\\\/www.paysdesecrins.com\\\/de\\\/#\\\/schema\\\/logo\\\/image\\\/\",\"url\":\"https:\\\/\\\/www.paysdesecrins.com\\\/wp-content\\\/uploads\\\/2025\\\/06\\\/devina-svg-1750845694.svg\",\"contentUrl\":\"https:\\\/\\\/www.paysdesecrins.com\\\/wp-content\\\/uploads\\\/2025\\\/06\\\/devina-svg-1750845694.svg\",\"caption\":\"Pays des \u00c9crins - Office de Tourisme\"},\"image\":{\"@id\":\"https:\\\/\\\/www.paysdesecrins.com\\\/de\\\/#\\\/schema\\\/logo\\\/image\\\/\"}},{\"@type\":\"Person\",\"@id\":\"https:\\\/\\\/www.paysdesecrins.com\\\/de\\\/#\\\/schema\\\/person\\\/91b38c6fd482bbb5d636526af3c9c44c\",\"name\":\"Juliette BISIAUX\",\"url\":\"https:\\\/\\\/www.paysdesecrins.com\\\/de\\\/author\\\/juliette\\\/\"}]}<\/script>\n<!-- \/ Yoast SEO plugin. -->","yoast_head_json":{"title":"Top 10 Mountainbike-Routen in den Hochalpen - Pays des \u00c9crins - Office de Tourisme","robots":{"index":"index","follow":"follow","max-snippet":"max-snippet:-1","max-image-preview":"max-image-preview:large","max-video-preview":"max-video-preview:-1"},"canonical":"https:\/\/www.paysdesecrins.com\/de\/top-10-mountainbike-routen-in-den-hochalpen\/","og_locale":"de_DE","og_type":"article","og_title":"Top 10 Mountainbike-Routen in den Hochalpen - Pays des \u00c9crins - Office de Tourisme","og_description":"M\u00f6chten Sie die Hautes-Alpes mit dem Mountainbike entdecken? Entdecken Sie die 10 besten Routen zwischen Bergen, W\u00e4ldern und atemberaubenden Panoramen. [&hellip;]","og_url":"https:\/\/www.paysdesecrins.com\/de\/top-10-mountainbike-routen-in-den-hochalpen\/","og_site_name":"Pays des \u00c9crins - Office de Tourisme","article_published_time":"2025-07-24T09:18:11+00:00","article_modified_time":"2025-08-07T07:33:51+00:00","og_image":[{"width":2560,"height":1707,"url":"https:\/\/www.paysdesecrins.com\/wp-content\/uploads\/2025\/07\/vtt-geotrek-parcours-7-0jpg-scaled.jpg","type":"image\/jpeg"}],"author":"Juliette BISIAUX","twitter_card":"summary_large_image","twitter_misc":{"Verfasst von":"Juliette BISIAUX","Gesch\u00e4tzte Lesezeit":"5 Minuten"},"schema":{"@context":"https:\/\/schema.org","@graph":[{"@type":"Article","@id":"https:\/\/www.paysdesecrins.com\/de\/top-10-mountainbike-routen-in-den-hochalpen\/#article","isPartOf":{"@id":"https:\/\/www.paysdesecrins.com\/de\/top-10-mountainbike-routen-in-den-hochalpen\/"},"author":{"name":"Juliette BISIAUX","@id":"https:\/\/www.paysdesecrins.com\/de\/#\/schema\/person\/91b38c6fd482bbb5d636526af3c9c44c"},"headline":"Top 10 Mountainbike-Routen in den Hochalpen","datePublished":"2025-07-24T09:18:11+00:00","dateModified":"2025-08-07T07:33:51+00:00","mainEntityOfPage":{"@id":"https:\/\/www.paysdesecrins.com\/de\/top-10-mountainbike-routen-in-den-hochalpen\/"},"wordCount":1040,"publisher":{"@id":"https:\/\/www.paysdesecrins.com\/de\/#organization"},"image":{"@id":"https:\/\/www.paysdesecrins.com\/de\/top-10-mountainbike-routen-in-den-hochalpen\/#primaryimage"},"thumbnailUrl":"https:\/\/www.paysdesecrins.com\/wp-content\/uploads\/2025\/07\/vtt-geotrek-parcours-7-0jpg-scaled.jpg","inLanguage":"de"},{"@type":"WebPage","@id":"https:\/\/www.paysdesecrins.com\/de\/top-10-mountainbike-routen-in-den-hochalpen\/","url":"https:\/\/www.paysdesecrins.com\/de\/top-10-mountainbike-routen-in-den-hochalpen\/","name":"Top 10 Mountainbike-Routen in den Hochalpen - Pays des \u00c9crins - Office de Tourisme","isPartOf":{"@id":"https:\/\/www.paysdesecrins.com\/de\/#website"},"primaryImageOfPage":{"@id":"https:\/\/www.paysdesecrins.com\/de\/top-10-mountainbike-routen-in-den-hochalpen\/#primaryimage"},"image":{"@id":"https:\/\/www.paysdesecrins.com\/de\/top-10-mountainbike-routen-in-den-hochalpen\/#primaryimage"},"thumbnailUrl":"https:\/\/www.paysdesecrins.com\/wp-content\/uploads\/2025\/07\/vtt-geotrek-parcours-7-0jpg-scaled.jpg","datePublished":"2025-07-24T09:18:11+00:00","dateModified":"2025-08-07T07:33:51+00:00","breadcrumb":{"@id":"https:\/\/www.paysdesecrins.com\/de\/top-10-mountainbike-routen-in-den-hochalpen\/#breadcrumb"},"inLanguage":"de","potentialAction":[{"@type":"ReadAction","target":["https:\/\/www.paysdesecrins.com\/de\/top-10-mountainbike-routen-in-den-hochalpen\/"]}]},{"@type":"ImageObject","inLanguage":"de","@id":"https:\/\/www.paysdesecrins.com\/de\/top-10-mountainbike-routen-in-den-hochalpen\/#primaryimage","url":"https:\/\/www.paysdesecrins.com\/wp-content\/uploads\/2025\/07\/vtt-geotrek-parcours-7-0jpg-scaled.jpg","contentUrl":"https:\/\/www.paysdesecrins.com\/wp-content\/uploads\/2025\/07\/vtt-geotrek-parcours-7-0jpg-scaled.jpg","width":2560,"height":1707},{"@type":"BreadcrumbList","@id":"https:\/\/www.paysdesecrins.com\/de\/top-10-mountainbike-routen-in-den-hochalpen\/#breadcrumb","itemListElement":[{"@type":"ListItem","position":1,"name":"Accueil","item":"https:\/\/www.paysdesecrins.com\/de\/der-titel-des-hauses\/"},{"@type":"ListItem","position":2,"name":"Top 10 Mountainbike-Routen in den Hochalpen"}]},{"@type":"WebSite","@id":"https:\/\/www.paysdesecrins.com\/de\/#website","url":"https:\/\/www.paysdesecrins.com\/de\/","name":"Pays des \u00c9crins - Office de Tourisme","description":"L&#039;esprit montagne","publisher":{"@id":"https:\/\/www.paysdesecrins.com\/de\/#organization"},"potentialAction":[{"@type":"SearchAction","target":{"@type":"EntryPoint","urlTemplate":"https:\/\/www.paysdesecrins.com\/de\/?s={search_term_string}"},"query-input":{"@type":"PropertyValueSpecification","valueRequired":true,"valueName":"search_term_string"}}],"inLanguage":"de"},{"@type":"Organization","@id":"https:\/\/www.paysdesecrins.com\/de\/#organization","name":"Pays des \u00c9crins - Office de Tourisme","url":"https:\/\/www.paysdesecrins.com\/de\/","logo":{"@type":"ImageObject","inLanguage":"de","@id":"https:\/\/www.paysdesecrins.com\/de\/#\/schema\/logo\/image\/","url":"https:\/\/www.paysdesecrins.com\/wp-content\/uploads\/2025\/06\/devina-svg-1750845694.svg","contentUrl":"https:\/\/www.paysdesecrins.com\/wp-content\/uploads\/2025\/06\/devina-svg-1750845694.svg","caption":"Pays des \u00c9crins - Office de Tourisme"},"image":{"@id":"https:\/\/www.paysdesecrins.com\/de\/#\/schema\/logo\/image\/"}},{"@type":"Person","@id":"https:\/\/www.paysdesecrins.com\/de\/#\/schema\/person\/91b38c6fd482bbb5d636526af3c9c44c","name":"Juliette BISIAUX","url":"https:\/\/www.paysdesecrins.com\/de\/author\/juliette\/"}]}},"_links":{"self":[{"href":"https:\/\/www.paysdesecrins.com\/de\/wp-json\/wp\/v2\/posts\/46588","targetHints":{"allow":["GET"]}}],"collection":[{"href":"https:\/\/www.paysdesecrins.com\/de\/wp-json\/wp\/v2\/posts"}],"about":[{"href":"https:\/\/www.paysdesecrins.com\/de\/wp-json\/wp\/v2\/types\/post"}],"author":[{"embeddable":true,"href":"https:\/\/www.paysdesecrins.com\/de\/wp-json\/wp\/v2\/users\/4"}],"replies":[{"embeddable":true,"href":"https:\/\/www.paysdesecrins.com\/de\/wp-json\/wp\/v2\/comments?post=46588"}],"version-history":[{"count":0,"href":"https:\/\/www.paysdesecrins.com\/de\/wp-json\/wp\/v2\/posts\/46588\/revisions"}],"wp:featuredmedia":[{"embeddable":true,"href":"https:\/\/www.paysdesecrins.com\/de\/wp-json\/wp\/v2\/media\/41135"}],"wp:attachment":[{"href":"https:\/\/www.paysdesecrins.com\/de\/wp-json\/wp\/v2\/media?parent=46588"}],"wp:term":[{"taxonomy":"article_category","embeddable":true,"href":"https:\/\/www.paysdesecrins.com\/de\/wp-json\/wp\/v2\/article_category?post=46588"}],"curies":[{"name":"wp","href":"https:\/\/api.w.org\/{rel}","templated":true}]}}