{"id":46292,"date":"2025-07-25T12:05:41","date_gmt":"2025-07-25T10:05:41","guid":{"rendered":"https:\/\/www.paysdesecrins.com\/come-preparare-la-notte-in-rifugio-e-le-escursioni-in-montagna\/"},"modified":"2025-08-11T11:52:58","modified_gmt":"2025-08-11T09:52:58","slug":"come-preparare-la-notte-in-rifugio-e-le-escursioni-in-montagna","status":"publish","type":"post","link":"https:\/\/www.paysdesecrins.com\/it\/come-preparare-la-notte-in-rifugio-e-le-escursioni-in-montagna\/","title":{"rendered":"Come preparare la notte in rifugio e le escursioni in montagna?"},"content":{"rendered":"    <div class=\"alignfull wp-block-ws-library-ws-header-interne\">\n\t    <div class=\"header-container\">\n\t        <div class=\"group-media has-image\">\n\t            \t                <img loading=\"lazy\" decoding=\"async\" width=\"1600\" height=\"800\" src=\"https:\/\/www.paysdesecrins.com\/wp-content\/uploads\/2025\/07\/refuge-des-e-crins-glacier-1-2-1600x800.jpg\" alt=\"\" class=\"image_large_square wp-image-41983\" \/>\n\t            \t        <\/div>\n\t        <div class=\"group-content\">\n\t            <div class=\"title\">\n\t                <h1>\n\t                    Come preparare la notte in rifugio e le escursioni in montagna?\t                    \t                <\/h1>\n\t            <\/div>\n\t        <\/div>\n\t    <\/div>\n\t    \n<div class=\"yoast-breadcrumbs\"><span><span><a href=\"https:\/\/www.paysdesecrins.com\/it\/il-titolo-della-casa\/\">Accueil<\/a><\/span>  <span class=\"breadcrumb_last\" aria-current=\"page\">Come preparare la notte in rifugio e le escursioni in montagna?<\/span><\/span><\/div>\n    <\/div>\n    \n<div class=\"wp-block-ws-library-ws-title aligncenter is-style-simple\"><h2><em>Come prepararsi<\/em>La sua notte in rifugio e le sue escursioni in montagna?<\/h2><\/div>\n\n<p class=\"has-text-align-center\">Stai andando in un <strong>rifugio<\/strong> e vuoi <strong>preparare la tua gita<\/strong> in modo che tutto vada liscio?<\/p>\n\n<p>Sei nel posto giusto!<\/p>\n\n<p class=\"has-text-align-center\">I Parchi Nazionali di Montagna e la FFCAM ti danno i loro &#8220;consigli e trucchi&#8221; per preparare la tua escursione in montagna:  <\/p>\n\n<div class=\"wp-block-ws-library-ws-columns alignwide has-2-columns are-vertically-aligned-center layout-5050 is-style-background\">\n<div class=\"wp-block-ws-library-ws-column\"><div class=\"wrapper\">\n<div class=\"wp-block-ws-library-ws-title\"><h3>Preparati bene e attrezzati #1<\/h3><\/div>\n\n\n\n<p><strong>Andare in montagna<\/strong> non \u00e8 mai banale e richiede un&#8217;attrezzatura e una preparazione adeguate. Lo stesso vale per il pernottamento in un rifugio&#8230; che non \u00e8 un hotel! <\/p>\n<\/div><\/div>\n\n\n\n<div class=\"wp-block-ws-library-ws-column\"><div class=\"wrapper\">\n<p><\/p>\n\n\n\n<div class=\"wp-block-ws-library-ws-video\"><div class=\"wrapper\"><div class=\"group-media\">\n<figure class=\"wp-block-embed is-type-video is-provider-youtube wp-block-embed-youtube\"><div class=\"wp-block-embed__wrapper\">\n<iframe loading=\"lazy\" title=\"R\u00e9ussir son exp\u00e9rience en refuge - Bien se pr\u00e9parer et s&#039;\u00e9quiper # 1\" width=\"500\" height=\"281\" src=\"https:\/\/www.youtube.com\/embed\/WxBVYsDY710?feature=oembed\" frameborder=\"0\" allow=\"accelerometer; autoplay; clipboard-write; encrypted-media; gyroscope; picture-in-picture; web-share\" referrerpolicy=\"strict-origin-when-cross-origin\" allowfullscreen><\/iframe>\n<\/div><\/figure>\n<\/div><\/div><\/div>\n<\/div><\/div>\n<\/div>\n\n<div class=\"wp-block-ws-library-ws-title\"><h3>Vivere insieme #2<\/h3><\/div>\n\n<p>Un rifugio \u00e8 un luogo di accoglienza collettiva. In cambio di un&#8217;accoglienza calorosa e di un&#8217;atmosfera amichevole, \u00e8 necessario rispettare alcune regole specifiche! <\/p>\n\n<div class=\"wp-block-ws-library-ws-video\"><div class=\"wrapper\"><div class=\"group-media\">\n<figure class=\"wp-block-embed is-type-video is-provider-youtube wp-block-embed-youtube\"><div class=\"wp-block-embed__wrapper\">\n<iframe loading=\"lazy\" title=\"R\u00e9ussir son exp\u00e9rience en refuge - Savoir vivre ensemble # 2\" width=\"500\" height=\"281\" src=\"https:\/\/www.youtube.com\/embed\/HyYN9T4FzfA?feature=oembed\" frameborder=\"0\" allow=\"accelerometer; autoplay; clipboard-write; encrypted-media; gyroscope; picture-in-picture; web-share\" referrerpolicy=\"strict-origin-when-cross-origin\" allowfullscreen><\/iframe>\n<\/div><\/figure>\n<\/div><\/div><\/div>\n\n<div class=\"wp-block-ws-library-ws-columns alignwide has-2-columns are-vertically-aligned-center layout-5050 is-style-background\">\n<div class=\"wp-block-ws-library-ws-column\"><div class=\"wrapper\">\n<div class=\"wp-block-ws-library-ws-video\"><div class=\"wrapper\"><div class=\"group-media\">\n<figure class=\"wp-block-embed is-type-video is-provider-youtube wp-block-embed-youtube\"><div class=\"wp-block-embed__wrapper\">\n<iframe loading=\"lazy\" title=\"R\u00e9ussir son exp\u00e9rience en refuge - Limiter son impact environnemental # 3\" width=\"500\" height=\"281\" src=\"https:\/\/www.youtube.com\/embed\/wOS1LpBYi48?feature=oembed\" frameborder=\"0\" allow=\"accelerometer; autoplay; clipboard-write; encrypted-media; gyroscope; picture-in-picture; web-share\" referrerpolicy=\"strict-origin-when-cross-origin\" allowfullscreen><\/iframe>\n<\/div><\/figure>\n<\/div><\/div><\/div>\n<\/div><\/div>\n\n\n\n<div class=\"wp-block-ws-library-ws-column\"><div class=\"wrapper\">\n<div class=\"wp-block-ws-library-ws-title\"><h3>Limita il tuo impatto ambientale #3<\/h3><\/div>\n\n\n\n<p>I rifugi sono per loro natura costruiti in siti isolati dove le fonti di acqua ed energia sono limitate e dove i camion della spazzatura non passano&#8230;<\/p>\n<\/div><\/div>\n<\/div>\n\n<div class=\"wp-block-ws-library-ws-title\"><h3>Rispettare le regole per preservare la natura #4<\/h3><\/div>\n\n<p>La montagna, e pi\u00f9 in particolare il cuore dei parchi nazionali, sono spazi fragili, dove tutti hanno un ruolo da svolgere!<\/p>\n\n<div class=\"wp-block-ws-library-ws-video\"><div class=\"wrapper\"><div class=\"group-media\">\n<figure class=\"wp-block-embed is-type-video is-provider-youtube wp-block-embed-youtube\"><div class=\"wp-block-embed__wrapper\">\n<iframe loading=\"lazy\" title=\"R\u00e9ussir son exp\u00e9rience en refuge - Respecter les r\u00e8gles pour pr\u00e9server la nature # 4\" width=\"500\" height=\"281\" src=\"https:\/\/www.youtube.com\/embed\/UKh28PhUWzk?feature=oembed\" frameborder=\"0\" allow=\"accelerometer; autoplay; clipboard-write; encrypted-media; gyroscope; picture-in-picture; web-share\" referrerpolicy=\"strict-origin-when-cross-origin\" allowfullscreen><\/iframe>\n<\/div><\/figure>\n<\/div><\/div><\/div>\n\n<div class=\"wp-block-ws-library-ws-featured-content\">\n<div class=\"wp-block-ws-library-ws-title\"><h2>Pianifica i tuoi percorsi online<\/h2><\/div>\n\n\n\n<p>Scoprite <strong>il nostro sito dedicato alle escursioni negli \u00c9crins<\/strong> e preparate al meglio la vostra prossima uscita!<\/p>\n\n\n\n<div class=\"wp-block-ws-library-ws-button has-text-align-left is-style-default\"><a href=\"https:\/\/rando.paysdesecrins.com\/\" class=\"wp-block-button__link wp-element-button btn\">  Tutti i percorsi<\/a><\/div>\n<\/div>\n\n<div class=\"wp-block-ws-library-ws-slider alignwide\"><div class=\"splide\" data-splide=\"{\"type\":\"slide\",\"heightRatio\":\"auto\",\"perPage\":4,\"perMove\":1,\"drag\":true,\"pagination\":0,\"autoplay\":false,\"gap\":\"15px\",\"breakpoints\":{\"450\":{\"perPage\":1},\"768\":{\"perPage\":2},\"992\":{\"perPage\":3},\"1200\":{\"perPage\":4}}}\"><div class=\"splide__track\"><div class=\"splide__list\"><div class=\"splide__slide\"><a href=\"https:\/\/www.paysdesecrins.com\/wp-content\/uploads\/2025\/07\/1674817584-1084275632-400x400.jpg\" data-glightbox=\"true\" class=\"lightbox-trigger\"><img decoding=\"async\" src=\"https:\/\/www.paysdesecrins.com\/wp-content\/uploads\/2025\/07\/1674817584-1084275632-400x400.jpg\" alt=\"\"><\/a><\/div><div class=\"splide__slide\"><a href=\"https:\/\/www.paysdesecrins.com\/wp-content\/uploads\/2025\/07\/1674817584-1898331604-400x400.jpg\" data-glightbox=\"true\" class=\"lightbox-trigger\"><img decoding=\"async\" src=\"https:\/\/www.paysdesecrins.com\/wp-content\/uploads\/2025\/07\/1674817584-1898331604-400x400.jpg\" alt=\"\"><\/a><\/div><div class=\"splide__slide\"><a href=\"https:\/\/www.paysdesecrins.com\/wp-content\/uploads\/2025\/07\/1674817584-1984111998-400x400.jpg\" data-glightbox=\"true\" class=\"lightbox-trigger\"><img decoding=\"async\" src=\"https:\/\/www.paysdesecrins.com\/wp-content\/uploads\/2025\/07\/1674817584-1984111998-400x400.jpg\" alt=\"\"><\/a><\/div><\/div><\/div><\/div><\/div>\n\n<div class=\"wp-block-ws-library-ws-share\"><span class=\"share-subtitle\">Ti \u00e8 piaciuta questa pagina?<\/span><span class=\"share-title\">Condividilo!<\/span><button class=\"ws-share-button wp-element-button\">Condividi questa pagina<\/button><\/div>\n","protected":false},"excerpt":{"rendered":"<p>Stai andando in un rifugio e vuoi preparare la tua gita in modo che tutto vada liscio? Sei nel posto [&hellip;]<\/p>\n","protected":false},"author":9,"featured_media":41987,"comment_status":"closed","ping_status":"closed","sticky":false,"template":"","format":"standard","meta":{"_thumbnail_id_2":0,"summer_excerpt":"","season":"","station":"","footnotes":""},"article_category":[3859],"class_list":["post-46292","post","type-post","status-publish","format-standard","has-post-thumbnail","hentry","article_category-nelle-notizie"],"yoast_head":"<!-- This site is optimized with the Yoast SEO plugin v27.3 - https:\/\/yoast.com\/product\/yoast-seo-wordpress\/ -->\n<title>Come preparare la notte in rifugio e le escursioni in montagna? - Pays des \u00c9crins - Office de Tourisme<\/title>\n<meta name=\"robots\" content=\"index, follow, max-snippet:-1, max-image-preview:large, max-video-preview:-1\" \/>\n<link rel=\"canonical\" href=\"https:\/\/www.paysdesecrins.com\/it\/come-preparare-la-notte-in-rifugio-e-le-escursioni-in-montagna\/\" \/>\n<meta property=\"og:locale\" content=\"it_IT\" \/>\n<meta property=\"og:type\" content=\"article\" \/>\n<meta property=\"og:title\" content=\"Come preparare la notte in rifugio e le escursioni in montagna? - Pays des \u00c9crins - Office de Tourisme\" \/>\n<meta property=\"og:description\" content=\"Stai andando in un rifugio e vuoi preparare la tua gita in modo che tutto vada liscio? Sei nel posto [&hellip;]\" \/>\n<meta property=\"og:url\" content=\"https:\/\/www.paysdesecrins.com\/it\/come-preparare-la-notte-in-rifugio-e-le-escursioni-in-montagna\/\" \/>\n<meta property=\"og:site_name\" content=\"Pays des \u00c9crins - Office de Tourisme\" \/>\n<meta property=\"article:published_time\" content=\"2025-07-25T10:05:41+00:00\" \/>\n<meta property=\"article:modified_time\" content=\"2025-08-11T09:52:58+00:00\" \/>\n<meta property=\"og:image\" content=\"https:\/\/www.paysdesecrins.com\/wp-content\/uploads\/2025\/07\/refuge-des-e-crins-glacier-1-2.jpg\" \/>\n\t<meta property=\"og:image:width\" content=\"1600\" \/>\n\t<meta property=\"og:image:height\" content=\"880\" \/>\n\t<meta property=\"og:image:type\" content=\"image\/jpeg\" \/>\n<meta name=\"author\" content=\"Antonin Lauro\" \/>\n<meta name=\"twitter:card\" content=\"summary_large_image\" \/>\n<meta name=\"twitter:label1\" content=\"Scritto da\" \/>\n\t<meta name=\"twitter:data1\" content=\"Antonin Lauro\" \/>\n\t<meta name=\"twitter:label2\" content=\"Tempo di lettura stimato\" \/>\n\t<meta name=\"twitter:data2\" content=\"1 minuto\" \/>\n<script type=\"application\/ld+json\" class=\"yoast-schema-graph\">{\"@context\":\"https:\\\/\\\/schema.org\",\"@graph\":[{\"@type\":\"Article\",\"@id\":\"https:\\\/\\\/www.paysdesecrins.com\\\/it\\\/come-preparare-la-notte-in-rifugio-e-le-escursioni-in-montagna\\\/#article\",\"isPartOf\":{\"@id\":\"https:\\\/\\\/www.paysdesecrins.com\\\/it\\\/come-preparare-la-notte-in-rifugio-e-le-escursioni-in-montagna\\\/\"},\"author\":{\"name\":\"Antonin Lauro\",\"@id\":\"https:\\\/\\\/www.paysdesecrins.com\\\/it\\\/#\\\/schema\\\/person\\\/d9e622b65674450ccac37b88f9014cd3\"},\"headline\":\"Come preparare la notte in rifugio e le escursioni in montagna?\",\"datePublished\":\"2025-07-25T10:05:41+00:00\",\"dateModified\":\"2025-08-11T09:52:58+00:00\",\"mainEntityOfPage\":{\"@id\":\"https:\\\/\\\/www.paysdesecrins.com\\\/it\\\/come-preparare-la-notte-in-rifugio-e-le-escursioni-in-montagna\\\/\"},\"wordCount\":267,\"publisher\":{\"@id\":\"https:\\\/\\\/www.paysdesecrins.com\\\/it\\\/#organization\"},\"image\":{\"@id\":\"https:\\\/\\\/www.paysdesecrins.com\\\/it\\\/come-preparare-la-notte-in-rifugio-e-le-escursioni-in-montagna\\\/#primaryimage\"},\"thumbnailUrl\":\"https:\\\/\\\/www.paysdesecrins.com\\\/wp-content\\\/uploads\\\/2025\\\/07\\\/refuge-des-e-crins-glacier-1-2.jpg\",\"inLanguage\":\"it-IT\"},{\"@type\":\"WebPage\",\"@id\":\"https:\\\/\\\/www.paysdesecrins.com\\\/it\\\/come-preparare-la-notte-in-rifugio-e-le-escursioni-in-montagna\\\/\",\"url\":\"https:\\\/\\\/www.paysdesecrins.com\\\/it\\\/come-preparare-la-notte-in-rifugio-e-le-escursioni-in-montagna\\\/\",\"name\":\"Come preparare la notte in rifugio e le escursioni in montagna? - Pays des \u00c9crins - Office de Tourisme\",\"isPartOf\":{\"@id\":\"https:\\\/\\\/www.paysdesecrins.com\\\/it\\\/#website\"},\"primaryImageOfPage\":{\"@id\":\"https:\\\/\\\/www.paysdesecrins.com\\\/it\\\/come-preparare-la-notte-in-rifugio-e-le-escursioni-in-montagna\\\/#primaryimage\"},\"image\":{\"@id\":\"https:\\\/\\\/www.paysdesecrins.com\\\/it\\\/come-preparare-la-notte-in-rifugio-e-le-escursioni-in-montagna\\\/#primaryimage\"},\"thumbnailUrl\":\"https:\\\/\\\/www.paysdesecrins.com\\\/wp-content\\\/uploads\\\/2025\\\/07\\\/refuge-des-e-crins-glacier-1-2.jpg\",\"datePublished\":\"2025-07-25T10:05:41+00:00\",\"dateModified\":\"2025-08-11T09:52:58+00:00\",\"breadcrumb\":{\"@id\":\"https:\\\/\\\/www.paysdesecrins.com\\\/it\\\/come-preparare-la-notte-in-rifugio-e-le-escursioni-in-montagna\\\/#breadcrumb\"},\"inLanguage\":\"it-IT\",\"potentialAction\":[{\"@type\":\"ReadAction\",\"target\":[\"https:\\\/\\\/www.paysdesecrins.com\\\/it\\\/come-preparare-la-notte-in-rifugio-e-le-escursioni-in-montagna\\\/\"]}]},{\"@type\":\"ImageObject\",\"inLanguage\":\"it-IT\",\"@id\":\"https:\\\/\\\/www.paysdesecrins.com\\\/it\\\/come-preparare-la-notte-in-rifugio-e-le-escursioni-in-montagna\\\/#primaryimage\",\"url\":\"https:\\\/\\\/www.paysdesecrins.com\\\/wp-content\\\/uploads\\\/2025\\\/07\\\/refuge-des-e-crins-glacier-1-2.jpg\",\"contentUrl\":\"https:\\\/\\\/www.paysdesecrins.com\\\/wp-content\\\/uploads\\\/2025\\\/07\\\/refuge-des-e-crins-glacier-1-2.jpg\",\"width\":1600,\"height\":880},{\"@type\":\"BreadcrumbList\",\"@id\":\"https:\\\/\\\/www.paysdesecrins.com\\\/it\\\/come-preparare-la-notte-in-rifugio-e-le-escursioni-in-montagna\\\/#breadcrumb\",\"itemListElement\":[{\"@type\":\"ListItem\",\"position\":1,\"name\":\"Accueil\",\"item\":\"https:\\\/\\\/www.paysdesecrins.com\\\/it\\\/il-titolo-della-casa\\\/\"},{\"@type\":\"ListItem\",\"position\":2,\"name\":\"Come preparare la notte in rifugio e le escursioni in montagna?\"}]},{\"@type\":\"WebSite\",\"@id\":\"https:\\\/\\\/www.paysdesecrins.com\\\/it\\\/#website\",\"url\":\"https:\\\/\\\/www.paysdesecrins.com\\\/it\\\/\",\"name\":\"Pays des \u00c9crins - Office de Tourisme\",\"description\":\"L&#039;esprit montagne\",\"publisher\":{\"@id\":\"https:\\\/\\\/www.paysdesecrins.com\\\/it\\\/#organization\"},\"potentialAction\":[{\"@type\":\"SearchAction\",\"target\":{\"@type\":\"EntryPoint\",\"urlTemplate\":\"https:\\\/\\\/www.paysdesecrins.com\\\/it\\\/?s={search_term_string}\"},\"query-input\":{\"@type\":\"PropertyValueSpecification\",\"valueRequired\":true,\"valueName\":\"search_term_string\"}}],\"inLanguage\":\"it-IT\"},{\"@type\":\"Organization\",\"@id\":\"https:\\\/\\\/www.paysdesecrins.com\\\/it\\\/#organization\",\"name\":\"Pays des \u00c9crins - Office de Tourisme\",\"url\":\"https:\\\/\\\/www.paysdesecrins.com\\\/it\\\/\",\"logo\":{\"@type\":\"ImageObject\",\"inLanguage\":\"it-IT\",\"@id\":\"https:\\\/\\\/www.paysdesecrins.com\\\/it\\\/#\\\/schema\\\/logo\\\/image\\\/\",\"url\":\"https:\\\/\\\/www.paysdesecrins.com\\\/wp-content\\\/uploads\\\/2025\\\/06\\\/devina-svg-1750845694.svg\",\"contentUrl\":\"https:\\\/\\\/www.paysdesecrins.com\\\/wp-content\\\/uploads\\\/2025\\\/06\\\/devina-svg-1750845694.svg\",\"caption\":\"Pays des \u00c9crins - Office de Tourisme\"},\"image\":{\"@id\":\"https:\\\/\\\/www.paysdesecrins.com\\\/it\\\/#\\\/schema\\\/logo\\\/image\\\/\"}},{\"@type\":\"Person\",\"@id\":\"https:\\\/\\\/www.paysdesecrins.com\\\/it\\\/#\\\/schema\\\/person\\\/d9e622b65674450ccac37b88f9014cd3\",\"name\":\"Antonin Lauro\",\"url\":\"https:\\\/\\\/www.paysdesecrins.com\\\/it\\\/author\\\/antonin\\\/\"}]}<\/script>\n<!-- \/ Yoast SEO plugin. -->","yoast_head_json":{"title":"Come preparare la notte in rifugio e le escursioni in montagna? - Pays des \u00c9crins - Office de Tourisme","robots":{"index":"index","follow":"follow","max-snippet":"max-snippet:-1","max-image-preview":"max-image-preview:large","max-video-preview":"max-video-preview:-1"},"canonical":"https:\/\/www.paysdesecrins.com\/it\/come-preparare-la-notte-in-rifugio-e-le-escursioni-in-montagna\/","og_locale":"it_IT","og_type":"article","og_title":"Come preparare la notte in rifugio e le escursioni in montagna? - Pays des \u00c9crins - Office de Tourisme","og_description":"Stai andando in un rifugio e vuoi preparare la tua gita in modo che tutto vada liscio? Sei nel posto [&hellip;]","og_url":"https:\/\/www.paysdesecrins.com\/it\/come-preparare-la-notte-in-rifugio-e-le-escursioni-in-montagna\/","og_site_name":"Pays des \u00c9crins - Office de Tourisme","article_published_time":"2025-07-25T10:05:41+00:00","article_modified_time":"2025-08-11T09:52:58+00:00","og_image":[{"width":1600,"height":880,"url":"https:\/\/www.paysdesecrins.com\/wp-content\/uploads\/2025\/07\/refuge-des-e-crins-glacier-1-2.jpg","type":"image\/jpeg"}],"author":"Antonin Lauro","twitter_card":"summary_large_image","twitter_misc":{"Scritto da":"Antonin Lauro","Tempo di lettura stimato":"1 minuto"},"schema":{"@context":"https:\/\/schema.org","@graph":[{"@type":"Article","@id":"https:\/\/www.paysdesecrins.com\/it\/come-preparare-la-notte-in-rifugio-e-le-escursioni-in-montagna\/#article","isPartOf":{"@id":"https:\/\/www.paysdesecrins.com\/it\/come-preparare-la-notte-in-rifugio-e-le-escursioni-in-montagna\/"},"author":{"name":"Antonin Lauro","@id":"https:\/\/www.paysdesecrins.com\/it\/#\/schema\/person\/d9e622b65674450ccac37b88f9014cd3"},"headline":"Come preparare la notte in rifugio e le escursioni in montagna?","datePublished":"2025-07-25T10:05:41+00:00","dateModified":"2025-08-11T09:52:58+00:00","mainEntityOfPage":{"@id":"https:\/\/www.paysdesecrins.com\/it\/come-preparare-la-notte-in-rifugio-e-le-escursioni-in-montagna\/"},"wordCount":267,"publisher":{"@id":"https:\/\/www.paysdesecrins.com\/it\/#organization"},"image":{"@id":"https:\/\/www.paysdesecrins.com\/it\/come-preparare-la-notte-in-rifugio-e-le-escursioni-in-montagna\/#primaryimage"},"thumbnailUrl":"https:\/\/www.paysdesecrins.com\/wp-content\/uploads\/2025\/07\/refuge-des-e-crins-glacier-1-2.jpg","inLanguage":"it-IT"},{"@type":"WebPage","@id":"https:\/\/www.paysdesecrins.com\/it\/come-preparare-la-notte-in-rifugio-e-le-escursioni-in-montagna\/","url":"https:\/\/www.paysdesecrins.com\/it\/come-preparare-la-notte-in-rifugio-e-le-escursioni-in-montagna\/","name":"Come preparare la notte in rifugio e le escursioni in montagna? - Pays des \u00c9crins - Office de Tourisme","isPartOf":{"@id":"https:\/\/www.paysdesecrins.com\/it\/#website"},"primaryImageOfPage":{"@id":"https:\/\/www.paysdesecrins.com\/it\/come-preparare-la-notte-in-rifugio-e-le-escursioni-in-montagna\/#primaryimage"},"image":{"@id":"https:\/\/www.paysdesecrins.com\/it\/come-preparare-la-notte-in-rifugio-e-le-escursioni-in-montagna\/#primaryimage"},"thumbnailUrl":"https:\/\/www.paysdesecrins.com\/wp-content\/uploads\/2025\/07\/refuge-des-e-crins-glacier-1-2.jpg","datePublished":"2025-07-25T10:05:41+00:00","dateModified":"2025-08-11T09:52:58+00:00","breadcrumb":{"@id":"https:\/\/www.paysdesecrins.com\/it\/come-preparare-la-notte-in-rifugio-e-le-escursioni-in-montagna\/#breadcrumb"},"inLanguage":"it-IT","potentialAction":[{"@type":"ReadAction","target":["https:\/\/www.paysdesecrins.com\/it\/come-preparare-la-notte-in-rifugio-e-le-escursioni-in-montagna\/"]}]},{"@type":"ImageObject","inLanguage":"it-IT","@id":"https:\/\/www.paysdesecrins.com\/it\/come-preparare-la-notte-in-rifugio-e-le-escursioni-in-montagna\/#primaryimage","url":"https:\/\/www.paysdesecrins.com\/wp-content\/uploads\/2025\/07\/refuge-des-e-crins-glacier-1-2.jpg","contentUrl":"https:\/\/www.paysdesecrins.com\/wp-content\/uploads\/2025\/07\/refuge-des-e-crins-glacier-1-2.jpg","width":1600,"height":880},{"@type":"BreadcrumbList","@id":"https:\/\/www.paysdesecrins.com\/it\/come-preparare-la-notte-in-rifugio-e-le-escursioni-in-montagna\/#breadcrumb","itemListElement":[{"@type":"ListItem","position":1,"name":"Accueil","item":"https:\/\/www.paysdesecrins.com\/it\/il-titolo-della-casa\/"},{"@type":"ListItem","position":2,"name":"Come preparare la notte in rifugio e le escursioni in montagna?"}]},{"@type":"WebSite","@id":"https:\/\/www.paysdesecrins.com\/it\/#website","url":"https:\/\/www.paysdesecrins.com\/it\/","name":"Pays des \u00c9crins - Office de Tourisme","description":"L&#039;esprit montagne","publisher":{"@id":"https:\/\/www.paysdesecrins.com\/it\/#organization"},"potentialAction":[{"@type":"SearchAction","target":{"@type":"EntryPoint","urlTemplate":"https:\/\/www.paysdesecrins.com\/it\/?s={search_term_string}"},"query-input":{"@type":"PropertyValueSpecification","valueRequired":true,"valueName":"search_term_string"}}],"inLanguage":"it-IT"},{"@type":"Organization","@id":"https:\/\/www.paysdesecrins.com\/it\/#organization","name":"Pays des \u00c9crins - Office de Tourisme","url":"https:\/\/www.paysdesecrins.com\/it\/","logo":{"@type":"ImageObject","inLanguage":"it-IT","@id":"https:\/\/www.paysdesecrins.com\/it\/#\/schema\/logo\/image\/","url":"https:\/\/www.paysdesecrins.com\/wp-content\/uploads\/2025\/06\/devina-svg-1750845694.svg","contentUrl":"https:\/\/www.paysdesecrins.com\/wp-content\/uploads\/2025\/06\/devina-svg-1750845694.svg","caption":"Pays des \u00c9crins - Office de Tourisme"},"image":{"@id":"https:\/\/www.paysdesecrins.com\/it\/#\/schema\/logo\/image\/"}},{"@type":"Person","@id":"https:\/\/www.paysdesecrins.com\/it\/#\/schema\/person\/d9e622b65674450ccac37b88f9014cd3","name":"Antonin Lauro","url":"https:\/\/www.paysdesecrins.com\/it\/author\/antonin\/"}]}},"_links":{"self":[{"href":"https:\/\/www.paysdesecrins.com\/it\/wp-json\/wp\/v2\/posts\/46292","targetHints":{"allow":["GET"]}}],"collection":[{"href":"https:\/\/www.paysdesecrins.com\/it\/wp-json\/wp\/v2\/posts"}],"about":[{"href":"https:\/\/www.paysdesecrins.com\/it\/wp-json\/wp\/v2\/types\/post"}],"author":[{"embeddable":true,"href":"https:\/\/www.paysdesecrins.com\/it\/wp-json\/wp\/v2\/users\/9"}],"replies":[{"embeddable":true,"href":"https:\/\/www.paysdesecrins.com\/it\/wp-json\/wp\/v2\/comments?post=46292"}],"version-history":[{"count":0,"href":"https:\/\/www.paysdesecrins.com\/it\/wp-json\/wp\/v2\/posts\/46292\/revisions"}],"wp:featuredmedia":[{"embeddable":true,"href":"https:\/\/www.paysdesecrins.com\/it\/wp-json\/wp\/v2\/media\/41987"}],"wp:attachment":[{"href":"https:\/\/www.paysdesecrins.com\/it\/wp-json\/wp\/v2\/media?parent=46292"}],"wp:term":[{"taxonomy":"article_category","embeddable":true,"href":"https:\/\/www.paysdesecrins.com\/it\/wp-json\/wp\/v2\/article_category?post=46292"}],"curies":[{"name":"wp","href":"https:\/\/api.w.org\/{rel}","templated":true}]}}