{"id":46300,"date":"2025-07-24T12:13:32","date_gmt":"2025-07-24T10:13:32","guid":{"rendered":"https:\/\/www.paysdesecrins.com\/vagando-tra-i-gioielli\/"},"modified":"2025-08-04T15:06:16","modified_gmt":"2025-08-04T13:06:16","slug":"vagando-tra-i-gioielli","status":"publish","type":"post","link":"https:\/\/www.paysdesecrins.com\/it\/vagando-tra-i-gioielli\/","title":{"rendered":"Roaming nelle impostazioni"},"content":{"rendered":"    <div class=\"alignfull wp-block-ws-library-ws-header-interne\">\n\t    <div class=\"header-container\">\n\t        <div class=\"group-media has-image\">\n\t            \t                <img loading=\"lazy\" decoding=\"async\" width=\"1200\" height=\"800\" src=\"https:\/\/www.paysdesecrins.com\/wp-content\/uploads\/2025\/07\/1608201002-198134342-1.jpg\" alt=\"\" class=\"image_large_square wp-image-41744\" srcset=\"https:\/\/www.paysdesecrins.com\/wp-content\/uploads\/2025\/07\/1608201002-198134342-1.jpg 1200w, https:\/\/www.paysdesecrins.com\/wp-content\/uploads\/2025\/07\/1608201002-198134342-1-300x200.jpg 300w, https:\/\/www.paysdesecrins.com\/wp-content\/uploads\/2025\/07\/1608201002-198134342-1-1024x683.jpg 1024w, https:\/\/www.paysdesecrins.com\/wp-content\/uploads\/2025\/07\/1608201002-198134342-1-768x512.jpg 768w, https:\/\/www.paysdesecrins.com\/wp-content\/uploads\/2025\/07\/1608201002-198134342-1-960x640.jpg 960w\" sizes=\"auto, (max-width: 1200px) 100vw, 1200px\" \/>\n\t            \t        <\/div>\n\t        <div class=\"group-content\">\n\t            <div class=\"title\">\n\t                <h1>\n\t                    Roaming nelle impostazioni\t                    \t                <\/h1>\n\t            <\/div>\n\t        <\/div>\n\t    <\/div>\n\t    \n<div class=\"yoast-breadcrumbs\"><span><span><a href=\"https:\/\/www.paysdesecrins.com\/it\/il-titolo-della-casa\/\">Accueil<\/a><\/span>  <span class=\"breadcrumb_last\" aria-current=\"page\">Roaming nelle impostazioni<\/span><\/span><\/div>\n    <\/div>\n    \n<div class=\"wp-block-ws-library-ws-title aligncenter is-style-simple\"><h2><em>Benvenuti nel Paese dei Gioielli!<\/em>Sogni di andare con la tua tenda e il tuo zaino?<\/h2><\/div>\n\n<p class=\"has-text-align-center\">Volete attraversare il Pays des \u00c9crins al ritmo dei vostri passi, tenda e zaino a tracolla? Immergiti nel mondo dei bivacchi, ideali per gli escursionisti itineranti da soli. Scopri i principali percorsi \u2014 tra cui il famoso GR 54, vero e proprio fil rouge nel cuore del Parco Nazionale degli \u00c9crins \u2014 nonch\u00e9 le regole essenziali da seguire per bivaccare in sicurezza, nel rispetto degli ambienti protetti.    <\/p>\n\n<div class=\"wp-block-ws-library-ws-columns alignwide has-2-columns are-vertically-aligned-center layout-5050 is-style-background\">\n<div class=\"wp-block-ws-library-ws-column\"><div class=\"wrapper\">\n<div class=\"wp-block-ws-library-ws-title\"><h3><em>GR 54<\/em>Tour dell&#8217;Oisans e degli \u00c9crins da L&#8217;Argenti\u00e8re-la-Bess\u00e9e<\/h3><\/div>\n\n\n\n<p>Il <strong>GR 54<\/strong> \u00e8 il mitico percorso delle <strong>Alpi meridionali<\/strong>. Ti porta ai piedi delle vette leggendarie che compongono questo massiccio eccezionale, come la <strong>Barre des \u00c9crins<\/strong>, La Meije, <strong>Mont Pelvoux<\/strong>, Le Sirac, ecc. Cos\u00ec, questa Grande Randonn\u00e9e, creata nel 1964, \u00e8 un percorso sportivo e selvaggio, che si trova principalmente nel cuore <strong>del Parco Nazionale degli \u00c9crins<\/strong>, su una distanza di 209 km completati in 15 giorni. Percorrerai oltre 14 passi e pi\u00f9 di 12.000 m di dislivello.   <\/p>\n\n\n\n<p>Questo itinerario vi invita a scoprire paesaggi straordinari accompagnati da una fauna e una flora uniche e protette. Navigherete tra valli abitate e alte montagne sulle diverse valli che compongono questo massiccio: <strong>la Vallouise<\/strong>, il Champsaur, il Valgaudemar, il Valbonnais, l&#8217;Oisans e il Brian\u00e7onnais. Infine, durante questo viaggio sarete anche viziati dal godimento del clima delle Alpi meridionali, semialpine e mediterranee, che offre una rara e sorprendente ricchezza di flora.  <\/p>\n<\/div><\/div>\n\n\n\n<div class=\"wp-block-ws-library-ws-column\"><div class=\"wrapper\">\n<div class=\"wp-block-ws-library-ws-image\"><div class=\"wrapper\"><div class=\"group-media\"><img decoding=\"async\" src=\"https:\/\/www.paysdesecrins.com\/wp-content\/uploads\/2025\/07\/1608201002-1994215984-960x640.jpg\" alt=\"\" class=\"single_image ws-image-41734\"><div class=\"credits\"><\/div><\/div><p class=\"caption\"><\/p><\/div><\/div>\n<\/div><\/div>\n<\/div>\n\n<p><strong>Ecco le informazioni pratiche nella descrizione del corso:<\/strong><\/p>\n\n<ul class=\"wp-block-list\">\n<li><strong>Durata:<\/strong> 15 giorni<\/li>\n\n\n\n<li><strong>Livello di difficolt\u00e0:<\/strong> Difficile<\/li>\n\n\n\n<li><strong>Tipo di corso:<\/strong> Soggiorno itinerante<\/li>\n\n\n\n<li><strong>Lunghezza:<\/strong> 206 km<\/li>\n\n\n\n<li><strong>Dislivello:<\/strong> 12.579 m<\/li>\n<\/ul>\n\n<p>Per maggiori informazioni su questo tour, vi invitiamo a visitare il nostro <a href=\"http:\/\/rando.paysdesecrins.com\/a-pied\/gr54-tour-de-loisans-et-des-ecrins-depuis-largentiere-la-bessee\/\" target=\"_blank\" rel=\"noreferrer noopener\">portale Geotrek<\/a>.<\/p>\n\n<p><em>Scopri la storia di una parte del GR54, <a href=\"https:\/\/alpinemag.fr\/de-la-vallouise-au-valgaudemar-les-ecrins-par-les-hauts-cols\/\" target=\"_blank\" rel=\"noreferrer noopener\">da Vallouise a Valgaudemar<\/a>.<\/em><\/p>\n\n<div style=\"height:28px\" aria-hidden=\"true\" class=\"wp-block-spacer\"><\/div>\n\n<div class=\"wp-block-ws-library-ws-title\"><h3><em>GTHA<\/em>La Grande Traversata delle Hautes-Alpes<\/h3><\/div>\n\n<p>Questa Grande Travers\u00e9e \u00e0 VTT \u00e8 <strong>la pi\u00f9 alta di Francia,<\/strong> a un&#8217;altitudine media segnalata dalla <strong>Federazione Ciclistica Francese<\/strong> (FFC). Ti trasporta <strong>in diversi luoghi imperdibili del dipartimento delle Alte Alpi<\/strong>, ai piedi dell&#8217;alta montagna fino ai frutteti e alla lavanda pi\u00f9 a sud. Cos\u00ec, potrete scoprire il territorio del <strong>Pays des \u00c9crins<\/strong> e i suoi comuni per pi\u00f9 di 50 km.  <\/p>\n\n<p>Questi 350 km e 17.140 m di dislivello offrono anche un&#8217;ampia variet\u00e0 di paesaggi eccezionali tra i 7 e i 10 giorni.  <\/p>\n\n<p><strong>Ecco le informazioni pratiche nella descrizione del corso:<\/strong><\/p>\n\n<ul class=\"wp-block-list\">\n<li><strong>Durata <\/strong>: 10 giorni<\/li>\n\n\n\n<li><strong>Livello di difficolt\u00e0:<\/strong> Difficile<\/li>\n\n\n\n<li><strong>Tipo di corso:<\/strong> Soggiorno itinerante<\/li>\n\n\n\n<li><strong>Lunghezza:<\/strong> 357 km<\/li>\n\n\n\n<li><strong>Dislivello:<\/strong> 17.140 m<\/li>\n<\/ul>\n\n<p>Per maggiori informazioni su questo tour, vi invitiamo a visitare il nostro <a href=\"http:\/\/rando.paysdesecrins.com\/vtt\/la-grande-traversee-des-hautes-alpes-gtha-sur-le-territoire-du-pays-des-ecrins\/\" target=\"_blank\" rel=\"noreferrer noopener\">portale Geotrek<\/a>.<\/p>\n\n<div class=\"wp-block-ws-library-ws-slider alignwide\"><div class=\"splide\" data-splide=\"{\"type\":\"slide\",\"heightRatio\":\"auto\",\"perPage\":4,\"perMove\":1,\"drag\":true,\"pagination\":0,\"autoplay\":false,\"gap\":\"2px\",\"breakpoints\":{\"450\":{\"perPage\":1},\"768\":{\"perPage\":2},\"992\":{\"perPage\":3},\"1200\":{\"perPage\":4}}}\"><div class=\"splide__track\"><div class=\"splide__list\"><div class=\"splide__slide\"><a href=\"https:\/\/www.paysdesecrins.com\/wp-content\/uploads\/2025\/07\/1608201002-302600651-400x400.jpg\" data-glightbox=\"true\" class=\"lightbox-trigger\"><img decoding=\"async\" src=\"https:\/\/www.paysdesecrins.com\/wp-content\/uploads\/2025\/07\/1608201002-302600651-400x400.jpg\" alt=\"\"><\/a><\/div><div class=\"splide__slide\"><a href=\"https:\/\/www.paysdesecrins.com\/wp-content\/uploads\/2025\/07\/1608201002-671936081-400x400.jpg\" data-glightbox=\"true\" class=\"lightbox-trigger\"><img decoding=\"async\" src=\"https:\/\/www.paysdesecrins.com\/wp-content\/uploads\/2025\/07\/1608201002-671936081-400x400.jpg\" alt=\"\"><\/a><\/div><div class=\"splide__slide\"><a href=\"https:\/\/www.paysdesecrins.com\/wp-content\/uploads\/2025\/07\/1608201002-837537231-400x400.jpg\" data-glightbox=\"true\" class=\"lightbox-trigger\"><img decoding=\"async\" src=\"https:\/\/www.paysdesecrins.com\/wp-content\/uploads\/2025\/07\/1608201002-837537231-400x400.jpg\" alt=\"\"><\/a><\/div><\/div><\/div><\/div><\/div>\n\n<div class=\"wp-block-ws-library-ws-columns alignwide has-2-columns are-vertically-aligned-center layout-5050 is-style-background\">\n<div class=\"wp-block-ws-library-ws-column\"><div class=\"wrapper\">\n<div class=\"wp-block-ws-library-ws-title\"><h3><em>Pays des \u00c9crins<\/em>Il Super Nero<\/h3><\/div>\n\n\n\n<p>Questo percorso \u00e8 il must nel territorio del <strong>Pays des \u00c9crins<\/strong> in termini di distanza e dislivello nel trail running. Infatti, attraverserai i diversi comuni che compongono il Pays des \u00c9crins: Saint-Martin-de-Queyri\u00e8res, La Roche-de-Rame, Champcella, Freissini\u00e8res, L&#8217;Argenti\u00e8re-la-Bess\u00e9e, Vallouise-Pelvoux. <\/p>\n\n\n\n<p>Questo itinerario realizzato in 3-5 giorni su 112 km e 6.878 m di dislivello, vi offrir\u00e0 paesaggi selvaggi e panorami grandiosi di ogni genere, che spaziano dai prati d&#8217;alta quota, ai boschi di conifere e dai laghi d&#8217;alta quota alle valli torrenziali. Inoltre, salirai vicino a diverse vette del territorio a pi\u00f9 di 2.500 m come la <strong>T\u00eate des Lauzi\u00e8res (2.928 m)<\/strong> o il <strong>Mont Pelvoux (3.946 m).<\/strong> <\/p>\n\n\n\n<p>Puoi scoprire questo percorso sul sito web della stazione dei <a href=\"https:\/\/stationdetrail.com\/fr\/stations\/le-pays-des-ecrins\" target=\"_blank\" rel=\"noreferrer noopener\">sentieri del Pays des \u00c9crins<\/a>.*<\/p>\n<\/div><\/div>\n\n\n\n<div class=\"wp-block-ws-library-ws-column\"><div class=\"wrapper\">\n<div class=\"wp-block-ws-library-ws-image\"><div class=\"wrapper\"><div class=\"group-media\"><img decoding=\"async\" src=\"https:\/\/www.paysdesecrins.com\/wp-content\/uploads\/2025\/07\/1608201002-558069427-960x640.jpg\" alt=\"\" class=\"single_image ws-image-41765\"><div class=\"credits\"><\/div><\/div><p class=\"caption\"><\/p><\/div><\/div>\n<\/div><\/div>\n<\/div>\n\n<p class=\"has-text-align-left\">*<em>Questo strumento \u00e8 una destinazione dedicata al 100% al Trail running, che offre percorsi, servizi e strumenti per tutti i tipi di livelli. Ogni Trail Station\u00ae \u00e8 dedicata a un territorio, come il Pays des \u00c9crins. Quasi 30 stazioni\u00ae di trail e pi\u00f9 di 500 percorsi sono offerti in Francia e all&#8217;estero.  <\/em><\/p>\n\n<p><strong>Ecco le informazioni pratiche nella descrizione del corso:<\/strong><\/p>\n\n<ul class=\"wp-block-list\">\n<li><strong>Durata:<\/strong> 3 giorni<\/li>\n\n\n\n<li><strong>Livello di difficolt\u00e0: <\/strong>Difficile<\/li>\n\n\n\n<li><strong>Tipo di corso:<\/strong> Soggiorno itinerante<\/li>\n\n\n\n<li><strong>Lunghezza:<\/strong> 112 km<\/li>\n\n\n\n<li><strong>Dislivello:<\/strong> 6.878 m<\/li>\n<\/ul>\n\n<p>Per maggiori informazioni su questo tour, vi invitiamo a visitare il nostro <a href=\"http:\/\/rando.paysdesecrins.com\/trail\/le-super-noir-du-pays-des-ecrins-parcours-trail-n15\/\" target=\"_blank\" rel=\"noreferrer noopener\">portale Geotrek<\/a>.<\/p>\n\n<div class=\"wp-block-ws-library-ws-slider alignwide\"><div class=\"splide\" data-splide=\"{\"type\":\"slide\",\"heightRatio\":\"auto\",\"perPage\":4,\"perMove\":1,\"drag\":true,\"pagination\":0,\"autoplay\":false,\"gap\":\"2px\",\"breakpoints\":{\"450\":{\"perPage\":1},\"768\":{\"perPage\":2},\"992\":{\"perPage\":3},\"1200\":{\"perPage\":4}}}\"><div class=\"splide__track\"><div class=\"splide__list\"><div class=\"splide__slide\"><a href=\"https:\/\/www.paysdesecrins.com\/wp-content\/uploads\/2025\/07\/1608201002-551517741-400x400.jpg\" data-glightbox=\"true\" class=\"lightbox-trigger\"><img decoding=\"async\" src=\"https:\/\/www.paysdesecrins.com\/wp-content\/uploads\/2025\/07\/1608201002-551517741-400x400.jpg\" alt=\"\"><\/a><\/div><div class=\"splide__slide\"><a href=\"https:\/\/www.paysdesecrins.com\/wp-content\/uploads\/2025\/07\/1608201002-1617651515-400x400.jpg\" data-glightbox=\"true\" class=\"lightbox-trigger\"><img decoding=\"async\" src=\"https:\/\/www.paysdesecrins.com\/wp-content\/uploads\/2025\/07\/1608201002-1617651515-400x400.jpg\" alt=\"\"><\/a><\/div><div class=\"splide__slide\"><a href=\"https:\/\/www.paysdesecrins.com\/wp-content\/uploads\/2025\/07\/1608201002-1049297244-400x400.jpg\" data-glightbox=\"true\" class=\"lightbox-trigger\"><img decoding=\"async\" src=\"https:\/\/www.paysdesecrins.com\/wp-content\/uploads\/2025\/07\/1608201002-1049297244-400x400.jpg\" alt=\"\"><\/a><\/div><div class=\"splide__slide\"><a href=\"https:\/\/www.paysdesecrins.com\/wp-content\/uploads\/2025\/07\/1608201002-335596302-400x400.jpg\" data-glightbox=\"true\" class=\"lightbox-trigger\"><img decoding=\"async\" src=\"https:\/\/www.paysdesecrins.com\/wp-content\/uploads\/2025\/07\/1608201002-335596302-400x400.jpg\" alt=\"\"><\/a><\/div><div class=\"splide__slide\"><a href=\"https:\/\/www.paysdesecrins.com\/wp-content\/uploads\/2025\/07\/1608201002-690516871-400x400.jpg\" data-glightbox=\"true\" class=\"lightbox-trigger\"><img decoding=\"async\" src=\"https:\/\/www.paysdesecrins.com\/wp-content\/uploads\/2025\/07\/1608201002-690516871-400x400.jpg\" alt=\"\"><\/a><\/div><div class=\"splide__slide\"><a href=\"https:\/\/www.paysdesecrins.com\/wp-content\/uploads\/2025\/07\/1608201002-1305344466-400x400.jpg\" data-glightbox=\"true\" class=\"lightbox-trigger\"><img decoding=\"async\" src=\"https:\/\/www.paysdesecrins.com\/wp-content\/uploads\/2025\/07\/1608201002-1305344466-400x400.jpg\" alt=\"\"><\/a><\/div><\/div><\/div><\/div><\/div>\n\n<div class=\"wp-block-ws-library-ws-share\"><span class=\"share-subtitle\">Ti \u00e8 piaciuta questa pagina?<\/span><span class=\"share-title\">Condividilo!<\/span><button class=\"ws-share-button wp-element-button\">Condividi questa pagina<\/button><\/div>\n","protected":false},"excerpt":{"rendered":"<p>Volete attraversare il Pays des \u00c9crins al ritmo dei vostri passi, tenda e zaino a tracolla? Immergiti nel mondo dei [&hellip;]<\/p>\n","protected":false},"author":4,"featured_media":41743,"comment_status":"closed","ping_status":"closed","sticky":false,"template":"","format":"standard","meta":{"_thumbnail_id_2":0,"summer_excerpt":"","season":"","station":"","footnotes":""},"article_category":[3863],"class_list":["post-46300","post","type-post","status-publish","format-standard","has-post-thumbnail","hentry","article_category-favorito"],"yoast_head":"<!-- This site is optimized with the Yoast SEO plugin v27.3 - https:\/\/yoast.com\/product\/yoast-seo-wordpress\/ -->\n<title>Roaming nelle impostazioni - Pays des \u00c9crins - Office de Tourisme<\/title>\n<meta name=\"robots\" content=\"index, follow, max-snippet:-1, max-image-preview:large, max-video-preview:-1\" \/>\n<link rel=\"canonical\" href=\"https:\/\/www.paysdesecrins.com\/it\/vagando-tra-i-gioielli\/\" \/>\n<meta property=\"og:locale\" content=\"it_IT\" \/>\n<meta property=\"og:type\" content=\"article\" \/>\n<meta property=\"og:title\" content=\"Roaming nelle impostazioni - Pays des \u00c9crins - Office de Tourisme\" \/>\n<meta property=\"og:description\" content=\"Volete attraversare il Pays des \u00c9crins al ritmo dei vostri passi, tenda e zaino a tracolla? Immergiti nel mondo dei [&hellip;]\" \/>\n<meta property=\"og:url\" content=\"https:\/\/www.paysdesecrins.com\/it\/vagando-tra-i-gioielli\/\" \/>\n<meta property=\"og:site_name\" content=\"Pays des \u00c9crins - Office de Tourisme\" \/>\n<meta property=\"article:published_time\" content=\"2025-07-24T10:13:32+00:00\" \/>\n<meta property=\"article:modified_time\" content=\"2025-08-04T13:06:16+00:00\" \/>\n<meta property=\"og:image\" content=\"https:\/\/www.paysdesecrins.com\/wp-content\/uploads\/2025\/07\/1608201002-198134342.jpg\" \/>\n\t<meta property=\"og:image:width\" content=\"1200\" \/>\n\t<meta property=\"og:image:height\" content=\"800\" \/>\n\t<meta property=\"og:image:type\" content=\"image\/jpeg\" \/>\n<meta name=\"author\" content=\"Juliette BISIAUX\" \/>\n<meta name=\"twitter:card\" content=\"summary_large_image\" \/>\n<meta name=\"twitter:label1\" content=\"Scritto da\" \/>\n\t<meta name=\"twitter:data1\" content=\"Juliette BISIAUX\" \/>\n\t<meta name=\"twitter:label2\" content=\"Tempo di lettura stimato\" \/>\n\t<meta name=\"twitter:data2\" content=\"3 minuti\" \/>\n<script type=\"application\/ld+json\" class=\"yoast-schema-graph\">{\"@context\":\"https:\\\/\\\/schema.org\",\"@graph\":[{\"@type\":\"Article\",\"@id\":\"https:\\\/\\\/www.paysdesecrins.com\\\/it\\\/vagando-tra-i-gioielli\\\/#article\",\"isPartOf\":{\"@id\":\"https:\\\/\\\/www.paysdesecrins.com\\\/it\\\/vagando-tra-i-gioielli\\\/\"},\"author\":{\"name\":\"Juliette BISIAUX\",\"@id\":\"https:\\\/\\\/www.paysdesecrins.com\\\/it\\\/#\\\/schema\\\/person\\\/91b38c6fd482bbb5d636526af3c9c44c\"},\"headline\":\"Roaming nelle impostazioni\",\"datePublished\":\"2025-07-24T10:13:32+00:00\",\"dateModified\":\"2025-08-04T13:06:16+00:00\",\"mainEntityOfPage\":{\"@id\":\"https:\\\/\\\/www.paysdesecrins.com\\\/it\\\/vagando-tra-i-gioielli\\\/\"},\"wordCount\":633,\"publisher\":{\"@id\":\"https:\\\/\\\/www.paysdesecrins.com\\\/it\\\/#organization\"},\"image\":{\"@id\":\"https:\\\/\\\/www.paysdesecrins.com\\\/it\\\/vagando-tra-i-gioielli\\\/#primaryimage\"},\"thumbnailUrl\":\"https:\\\/\\\/www.paysdesecrins.com\\\/wp-content\\\/uploads\\\/2025\\\/07\\\/1608201002-198134342.jpg\",\"inLanguage\":\"it-IT\"},{\"@type\":\"WebPage\",\"@id\":\"https:\\\/\\\/www.paysdesecrins.com\\\/it\\\/vagando-tra-i-gioielli\\\/\",\"url\":\"https:\\\/\\\/www.paysdesecrins.com\\\/it\\\/vagando-tra-i-gioielli\\\/\",\"name\":\"Roaming nelle impostazioni - Pays des \u00c9crins - Office de Tourisme\",\"isPartOf\":{\"@id\":\"https:\\\/\\\/www.paysdesecrins.com\\\/it\\\/#website\"},\"primaryImageOfPage\":{\"@id\":\"https:\\\/\\\/www.paysdesecrins.com\\\/it\\\/vagando-tra-i-gioielli\\\/#primaryimage\"},\"image\":{\"@id\":\"https:\\\/\\\/www.paysdesecrins.com\\\/it\\\/vagando-tra-i-gioielli\\\/#primaryimage\"},\"thumbnailUrl\":\"https:\\\/\\\/www.paysdesecrins.com\\\/wp-content\\\/uploads\\\/2025\\\/07\\\/1608201002-198134342.jpg\",\"datePublished\":\"2025-07-24T10:13:32+00:00\",\"dateModified\":\"2025-08-04T13:06:16+00:00\",\"breadcrumb\":{\"@id\":\"https:\\\/\\\/www.paysdesecrins.com\\\/it\\\/vagando-tra-i-gioielli\\\/#breadcrumb\"},\"inLanguage\":\"it-IT\",\"potentialAction\":[{\"@type\":\"ReadAction\",\"target\":[\"https:\\\/\\\/www.paysdesecrins.com\\\/it\\\/vagando-tra-i-gioielli\\\/\"]}]},{\"@type\":\"ImageObject\",\"inLanguage\":\"it-IT\",\"@id\":\"https:\\\/\\\/www.paysdesecrins.com\\\/it\\\/vagando-tra-i-gioielli\\\/#primaryimage\",\"url\":\"https:\\\/\\\/www.paysdesecrins.com\\\/wp-content\\\/uploads\\\/2025\\\/07\\\/1608201002-198134342.jpg\",\"contentUrl\":\"https:\\\/\\\/www.paysdesecrins.com\\\/wp-content\\\/uploads\\\/2025\\\/07\\\/1608201002-198134342.jpg\",\"width\":1200,\"height\":800},{\"@type\":\"BreadcrumbList\",\"@id\":\"https:\\\/\\\/www.paysdesecrins.com\\\/it\\\/vagando-tra-i-gioielli\\\/#breadcrumb\",\"itemListElement\":[{\"@type\":\"ListItem\",\"position\":1,\"name\":\"Accueil\",\"item\":\"https:\\\/\\\/www.paysdesecrins.com\\\/it\\\/il-titolo-della-casa\\\/\"},{\"@type\":\"ListItem\",\"position\":2,\"name\":\"Roaming nelle impostazioni\"}]},{\"@type\":\"WebSite\",\"@id\":\"https:\\\/\\\/www.paysdesecrins.com\\\/it\\\/#website\",\"url\":\"https:\\\/\\\/www.paysdesecrins.com\\\/it\\\/\",\"name\":\"Pays des \u00c9crins - Office de Tourisme\",\"description\":\"L&#039;esprit montagne\",\"publisher\":{\"@id\":\"https:\\\/\\\/www.paysdesecrins.com\\\/it\\\/#organization\"},\"potentialAction\":[{\"@type\":\"SearchAction\",\"target\":{\"@type\":\"EntryPoint\",\"urlTemplate\":\"https:\\\/\\\/www.paysdesecrins.com\\\/it\\\/?s={search_term_string}\"},\"query-input\":{\"@type\":\"PropertyValueSpecification\",\"valueRequired\":true,\"valueName\":\"search_term_string\"}}],\"inLanguage\":\"it-IT\"},{\"@type\":\"Organization\",\"@id\":\"https:\\\/\\\/www.paysdesecrins.com\\\/it\\\/#organization\",\"name\":\"Pays des \u00c9crins - Office de Tourisme\",\"url\":\"https:\\\/\\\/www.paysdesecrins.com\\\/it\\\/\",\"logo\":{\"@type\":\"ImageObject\",\"inLanguage\":\"it-IT\",\"@id\":\"https:\\\/\\\/www.paysdesecrins.com\\\/it\\\/#\\\/schema\\\/logo\\\/image\\\/\",\"url\":\"https:\\\/\\\/www.paysdesecrins.com\\\/wp-content\\\/uploads\\\/2025\\\/06\\\/devina-svg-1750845694.svg\",\"contentUrl\":\"https:\\\/\\\/www.paysdesecrins.com\\\/wp-content\\\/uploads\\\/2025\\\/06\\\/devina-svg-1750845694.svg\",\"caption\":\"Pays des \u00c9crins - Office de Tourisme\"},\"image\":{\"@id\":\"https:\\\/\\\/www.paysdesecrins.com\\\/it\\\/#\\\/schema\\\/logo\\\/image\\\/\"}},{\"@type\":\"Person\",\"@id\":\"https:\\\/\\\/www.paysdesecrins.com\\\/it\\\/#\\\/schema\\\/person\\\/91b38c6fd482bbb5d636526af3c9c44c\",\"name\":\"Juliette BISIAUX\",\"url\":\"https:\\\/\\\/www.paysdesecrins.com\\\/it\\\/author\\\/juliette\\\/\"}]}<\/script>\n<!-- \/ Yoast SEO plugin. -->","yoast_head_json":{"title":"Roaming nelle impostazioni - Pays des \u00c9crins - Office de Tourisme","robots":{"index":"index","follow":"follow","max-snippet":"max-snippet:-1","max-image-preview":"max-image-preview:large","max-video-preview":"max-video-preview:-1"},"canonical":"https:\/\/www.paysdesecrins.com\/it\/vagando-tra-i-gioielli\/","og_locale":"it_IT","og_type":"article","og_title":"Roaming nelle impostazioni - Pays des \u00c9crins - Office de Tourisme","og_description":"Volete attraversare il Pays des \u00c9crins al ritmo dei vostri passi, tenda e zaino a tracolla? Immergiti nel mondo dei [&hellip;]","og_url":"https:\/\/www.paysdesecrins.com\/it\/vagando-tra-i-gioielli\/","og_site_name":"Pays des \u00c9crins - Office de Tourisme","article_published_time":"2025-07-24T10:13:32+00:00","article_modified_time":"2025-08-04T13:06:16+00:00","og_image":[{"width":1200,"height":800,"url":"https:\/\/www.paysdesecrins.com\/wp-content\/uploads\/2025\/07\/1608201002-198134342.jpg","type":"image\/jpeg"}],"author":"Juliette BISIAUX","twitter_card":"summary_large_image","twitter_misc":{"Scritto da":"Juliette BISIAUX","Tempo di lettura stimato":"3 minuti"},"schema":{"@context":"https:\/\/schema.org","@graph":[{"@type":"Article","@id":"https:\/\/www.paysdesecrins.com\/it\/vagando-tra-i-gioielli\/#article","isPartOf":{"@id":"https:\/\/www.paysdesecrins.com\/it\/vagando-tra-i-gioielli\/"},"author":{"name":"Juliette BISIAUX","@id":"https:\/\/www.paysdesecrins.com\/it\/#\/schema\/person\/91b38c6fd482bbb5d636526af3c9c44c"},"headline":"Roaming nelle impostazioni","datePublished":"2025-07-24T10:13:32+00:00","dateModified":"2025-08-04T13:06:16+00:00","mainEntityOfPage":{"@id":"https:\/\/www.paysdesecrins.com\/it\/vagando-tra-i-gioielli\/"},"wordCount":633,"publisher":{"@id":"https:\/\/www.paysdesecrins.com\/it\/#organization"},"image":{"@id":"https:\/\/www.paysdesecrins.com\/it\/vagando-tra-i-gioielli\/#primaryimage"},"thumbnailUrl":"https:\/\/www.paysdesecrins.com\/wp-content\/uploads\/2025\/07\/1608201002-198134342.jpg","inLanguage":"it-IT"},{"@type":"WebPage","@id":"https:\/\/www.paysdesecrins.com\/it\/vagando-tra-i-gioielli\/","url":"https:\/\/www.paysdesecrins.com\/it\/vagando-tra-i-gioielli\/","name":"Roaming nelle impostazioni - Pays des \u00c9crins - Office de Tourisme","isPartOf":{"@id":"https:\/\/www.paysdesecrins.com\/it\/#website"},"primaryImageOfPage":{"@id":"https:\/\/www.paysdesecrins.com\/it\/vagando-tra-i-gioielli\/#primaryimage"},"image":{"@id":"https:\/\/www.paysdesecrins.com\/it\/vagando-tra-i-gioielli\/#primaryimage"},"thumbnailUrl":"https:\/\/www.paysdesecrins.com\/wp-content\/uploads\/2025\/07\/1608201002-198134342.jpg","datePublished":"2025-07-24T10:13:32+00:00","dateModified":"2025-08-04T13:06:16+00:00","breadcrumb":{"@id":"https:\/\/www.paysdesecrins.com\/it\/vagando-tra-i-gioielli\/#breadcrumb"},"inLanguage":"it-IT","potentialAction":[{"@type":"ReadAction","target":["https:\/\/www.paysdesecrins.com\/it\/vagando-tra-i-gioielli\/"]}]},{"@type":"ImageObject","inLanguage":"it-IT","@id":"https:\/\/www.paysdesecrins.com\/it\/vagando-tra-i-gioielli\/#primaryimage","url":"https:\/\/www.paysdesecrins.com\/wp-content\/uploads\/2025\/07\/1608201002-198134342.jpg","contentUrl":"https:\/\/www.paysdesecrins.com\/wp-content\/uploads\/2025\/07\/1608201002-198134342.jpg","width":1200,"height":800},{"@type":"BreadcrumbList","@id":"https:\/\/www.paysdesecrins.com\/it\/vagando-tra-i-gioielli\/#breadcrumb","itemListElement":[{"@type":"ListItem","position":1,"name":"Accueil","item":"https:\/\/www.paysdesecrins.com\/it\/il-titolo-della-casa\/"},{"@type":"ListItem","position":2,"name":"Roaming nelle impostazioni"}]},{"@type":"WebSite","@id":"https:\/\/www.paysdesecrins.com\/it\/#website","url":"https:\/\/www.paysdesecrins.com\/it\/","name":"Pays des \u00c9crins - Office de Tourisme","description":"L&#039;esprit montagne","publisher":{"@id":"https:\/\/www.paysdesecrins.com\/it\/#organization"},"potentialAction":[{"@type":"SearchAction","target":{"@type":"EntryPoint","urlTemplate":"https:\/\/www.paysdesecrins.com\/it\/?s={search_term_string}"},"query-input":{"@type":"PropertyValueSpecification","valueRequired":true,"valueName":"search_term_string"}}],"inLanguage":"it-IT"},{"@type":"Organization","@id":"https:\/\/www.paysdesecrins.com\/it\/#organization","name":"Pays des \u00c9crins - Office de Tourisme","url":"https:\/\/www.paysdesecrins.com\/it\/","logo":{"@type":"ImageObject","inLanguage":"it-IT","@id":"https:\/\/www.paysdesecrins.com\/it\/#\/schema\/logo\/image\/","url":"https:\/\/www.paysdesecrins.com\/wp-content\/uploads\/2025\/06\/devina-svg-1750845694.svg","contentUrl":"https:\/\/www.paysdesecrins.com\/wp-content\/uploads\/2025\/06\/devina-svg-1750845694.svg","caption":"Pays des \u00c9crins - Office de Tourisme"},"image":{"@id":"https:\/\/www.paysdesecrins.com\/it\/#\/schema\/logo\/image\/"}},{"@type":"Person","@id":"https:\/\/www.paysdesecrins.com\/it\/#\/schema\/person\/91b38c6fd482bbb5d636526af3c9c44c","name":"Juliette BISIAUX","url":"https:\/\/www.paysdesecrins.com\/it\/author\/juliette\/"}]}},"_links":{"self":[{"href":"https:\/\/www.paysdesecrins.com\/it\/wp-json\/wp\/v2\/posts\/46300","targetHints":{"allow":["GET"]}}],"collection":[{"href":"https:\/\/www.paysdesecrins.com\/it\/wp-json\/wp\/v2\/posts"}],"about":[{"href":"https:\/\/www.paysdesecrins.com\/it\/wp-json\/wp\/v2\/types\/post"}],"author":[{"embeddable":true,"href":"https:\/\/www.paysdesecrins.com\/it\/wp-json\/wp\/v2\/users\/4"}],"replies":[{"embeddable":true,"href":"https:\/\/www.paysdesecrins.com\/it\/wp-json\/wp\/v2\/comments?post=46300"}],"version-history":[{"count":0,"href":"https:\/\/www.paysdesecrins.com\/it\/wp-json\/wp\/v2\/posts\/46300\/revisions"}],"wp:featuredmedia":[{"embeddable":true,"href":"https:\/\/www.paysdesecrins.com\/it\/wp-json\/wp\/v2\/media\/41743"}],"wp:attachment":[{"href":"https:\/\/www.paysdesecrins.com\/it\/wp-json\/wp\/v2\/media?parent=46300"}],"wp:term":[{"taxonomy":"article_category","embeddable":true,"href":"https:\/\/www.paysdesecrins.com\/it\/wp-json\/wp\/v2\/article_category?post=46300"}],"curies":[{"name":"wp","href":"https:\/\/api.w.org\/{rel}","templated":true}]}}