{"id":46315,"date":"2025-07-24T11:39:02","date_gmt":"2025-07-24T09:39:02","guid":{"rendered":"https:\/\/www.paysdesecrins.com\/martin-kern-ambasciatore-del-pays-des-ecrins\/"},"modified":"2025-08-04T15:07:59","modified_gmt":"2025-08-04T13:07:59","slug":"martin-kern-ambasciatore-del-pays-des-ecrins","status":"publish","type":"post","link":"https:\/\/www.paysdesecrins.com\/it\/martin-kern-ambasciatore-del-pays-des-ecrins\/","title":{"rendered":"Martin KERN, ambasciatore del Pays des \u00c9crins"},"content":{"rendered":"    <div class=\"alignfull wp-block-ws-library-ws-header-interne\">\n\t    <div class=\"header-container\">\n\t        <div class=\"group-media has-image\">\n\t            \t                <img loading=\"lazy\" decoding=\"async\" width=\"1920\" height=\"800\" src=\"https:\/\/www.paysdesecrins.com\/wp-content\/uploads\/2025\/07\/bivouac-et-trail-cre-te-de-rougnoux-91-1920x800.jpg\" alt=\"\" class=\"image_large_square wp-image-41164\" \/>\n\t            \t        <\/div>\n\t        <div class=\"group-content\">\n\t            <div class=\"title\">\n\t                <h1>\n\t                    Martin KERN, ambasciatore del Pays des \u00c9crins\t                    \t                <\/h1>\n\t            <\/div>\n\t        <\/div>\n\t    <\/div>\n\t    \n<div class=\"yoast-breadcrumbs\"><span><span><a href=\"https:\/\/www.paysdesecrins.com\/it\/il-titolo-della-casa\/\">Accueil<\/a><\/span>  <span class=\"breadcrumb_last\" aria-current=\"page\">Martin KERN, ambasciatore del Pays des \u00c9crins<\/span><\/span><\/div>\n    <\/div>\n    \n<div class=\"wp-block-ws-library-ws-title aligncenter is-style-simple\"><h2><em>Ambasciatore dei sentieri<\/em>Martin Kerne<\/h2><\/div>\n\n<p class=\"has-text-align-center\">Da veri appassionati di <strong>sport di<\/strong> montagna, siamo andati a conoscere <strong>Martin Kern<\/strong>, ambasciatore dei sentieri del <strong>Pays des \u00c9crins<\/strong>.  <\/p>\n\n<p>Originario del sud, Martin viene nel <strong>Pays des \u00c9crins<\/strong> da quando i suoi genitori hanno comprato una casa a <strong>Puy Aillaud<\/strong>, una quindicina di anni fa.  <\/p>\n\n<p class=\"has-text-align-center\">Molto legato agli <strong>ampi spazi aperti<\/strong> offerti dal nostro territorio, gli piace calpestare le sue sneakers e percorrere le nostre montagne il prima possibile. Considera la zona il <strong>parco giochi ideale <\/strong>per praticare tutte le sue attivit\u00e0, in inverno lo sci alpinismo e lo sci di fondo e in estate l&#8217;alpinismo e il trail running. <\/p>\n\n<div class=\"wp-block-ws-library-ws-quote\"><blockquote class=\"quote-container quote-align-undefined\"><p class=\"quote-content\">&#8220;Qui mi piace il fatto di trovarmi nella natura che \u00e8 allo stato grezzo e naturale. Ci sono grandi parchi giochi! Se ti piacciono i sentieri ondulati, c&#8217;\u00e8 molto da fare, ma anche creste tecniche, molto tecniche. C&#8217;\u00e8 anche una fauna e una flora molto ricche&#8221;.  <\/p><footer><cite class=\"quote-subcontent\">  Martin Kern<\/cite><\/footer><\/blockquote><\/div>\n\n<div class=\"wp-block-ws-library-ws-video\"><div class=\"wrapper\"><div class=\"group-media\">\n<figure class=\"wp-block-embed is-type-video is-provider-youtube wp-block-embed-youtube\"><div class=\"wp-block-embed__wrapper\">\n<iframe loading=\"lazy\" title=\"Martin Kern\" width=\"500\" height=\"281\" src=\"https:\/\/www.youtube.com\/embed\/wGBwtcaQbTo?feature=oembed\" frameborder=\"0\" allow=\"accelerometer; autoplay; clipboard-write; encrypted-media; gyroscope; picture-in-picture; web-share\" referrerpolicy=\"strict-origin-when-cross-origin\" allowfullscreen><\/iframe>\n<\/div><\/figure>\n<\/div><\/div><\/div>\n\n<div class=\"wp-block-ws-library-ws-title\"><h3><em>Dal North Burn a Brian\u00e7on: <\/em>l&#8217;odissea ultra-trail di Martin Kern<\/h3><\/div>\n\n<p>Martin corre da 6 anni. Fu durante un viaggio in <strong>Nuova Zelanda<\/strong>, dopo aver vinto il <strong>North Burn<\/strong> <em>(gara di qualit\u00e0 per i grandi ultras americani)<\/em> che scopr\u00ec una vera e propria passione per la lunga distanza. <\/p>\n\n<p>Dopo aver viaggiato per il mondo, Martin \u00e8 venuto a trascorrere l&#8217;anno 2019 nel <strong>Pays des \u00c9crins<\/strong> per allenarsi e godersi il parco giochi offerto dal territorio. \u00c8 stato un anno conclusivo per lui, che si \u00e8 classificato primo nella <strong>6000D<\/strong> a La Plagne, 12\u00b0 <strong>all&#8217;UTMB<\/strong> <em>(il famosissimo Tour du Mont Blanc) <\/em>e che poco dopo ha ottenuto un 5\u00b0 posto alla <strong>Diagonale Des Fous<\/strong> sull&#8217;isola di Reunion.   <\/p>\n\n<p>Oltre al suo lavoro come ingegnere ad interim per la gestione dei progetti, quest&#8217;anno Martin si sta allenando per battere il record per la traversata da <strong>Chamonix a Brian\u00e7on<\/strong>. In tutto, il nostro ambasciatore e due dei suoi amici percorreranno 202 km del GR5 per collegare le due capitali dell&#8217;alpinismo francese. <\/p>\n\n<div class=\"wp-block-ws-library-ws-share\"><span class=\"share-subtitle\">Ti \u00e8 piaciuta questa pagina?<\/span><span class=\"share-title\">Condividilo!<\/span><button class=\"ws-share-button wp-element-button\">Condividi questa pagina<\/button><\/div>\n","protected":false},"excerpt":{"rendered":"<p>Da veri appassionati di sport di montagna, siamo andati a conoscere Martin Kern, ambasciatore dei sentieri del Pays des \u00c9crins. [&hellip;]<\/p>\n","protected":false},"author":4,"featured_media":40593,"comment_status":"closed","ping_status":"closed","sticky":false,"template":"","format":"standard","meta":{"_thumbnail_id_2":0,"summer_excerpt":"","season":"","station":"","footnotes":""},"article_category":[],"class_list":["post-46315","post","type-post","status-publish","format-standard","has-post-thumbnail","hentry"],"yoast_head":"<!-- This site is optimized with the Yoast SEO plugin v27.3 - https:\/\/yoast.com\/product\/yoast-seo-wordpress\/ -->\n<title>Martin KERN, ambasciatore del Pays des \u00c9crins - Pays des \u00c9crins - Office de Tourisme<\/title>\n<meta name=\"robots\" content=\"index, follow, max-snippet:-1, max-image-preview:large, max-video-preview:-1\" \/>\n<link rel=\"canonical\" href=\"https:\/\/www.paysdesecrins.com\/it\/martin-kern-ambasciatore-del-pays-des-ecrins\/\" \/>\n<meta property=\"og:locale\" content=\"it_IT\" \/>\n<meta property=\"og:type\" content=\"article\" \/>\n<meta property=\"og:title\" content=\"Martin KERN, ambasciatore del Pays des \u00c9crins - Pays des \u00c9crins - Office de Tourisme\" \/>\n<meta property=\"og:description\" content=\"Da veri appassionati di sport di montagna, siamo andati a conoscere Martin Kern, ambasciatore dei sentieri del Pays des \u00c9crins. [&hellip;]\" \/>\n<meta property=\"og:url\" content=\"https:\/\/www.paysdesecrins.com\/it\/martin-kern-ambasciatore-del-pays-des-ecrins\/\" \/>\n<meta property=\"og:site_name\" content=\"Pays des \u00c9crins - Office de Tourisme\" \/>\n<meta property=\"article:published_time\" content=\"2025-07-24T09:39:02+00:00\" \/>\n<meta property=\"article:modified_time\" content=\"2025-08-04T13:07:59+00:00\" \/>\n<meta property=\"og:image\" content=\"https:\/\/www.paysdesecrins.com\/wp-content\/uploads\/2025\/07\/martin-kern-ambassadeur-du-pays-des-ecrins-deutsch-1608201002.png\" \/>\n\t<meta property=\"og:image:width\" content=\"1920\" \/>\n\t<meta property=\"og:image:height\" content=\"480\" \/>\n\t<meta property=\"og:image:type\" content=\"image\/png\" \/>\n<meta name=\"author\" content=\"Juliette BISIAUX\" \/>\n<meta name=\"twitter:card\" content=\"summary_large_image\" \/>\n<meta name=\"twitter:label1\" content=\"Scritto da\" \/>\n\t<meta name=\"twitter:data1\" content=\"Juliette BISIAUX\" \/>\n\t<meta name=\"twitter:label2\" content=\"Tempo di lettura stimato\" \/>\n\t<meta name=\"twitter:data2\" content=\"2 minuti\" \/>\n<script type=\"application\/ld+json\" class=\"yoast-schema-graph\">{\"@context\":\"https:\\\/\\\/schema.org\",\"@graph\":[{\"@type\":\"Article\",\"@id\":\"https:\\\/\\\/www.paysdesecrins.com\\\/it\\\/martin-kern-ambasciatore-del-pays-des-ecrins\\\/#article\",\"isPartOf\":{\"@id\":\"https:\\\/\\\/www.paysdesecrins.com\\\/it\\\/martin-kern-ambasciatore-del-pays-des-ecrins\\\/\"},\"author\":{\"name\":\"Juliette BISIAUX\",\"@id\":\"https:\\\/\\\/www.paysdesecrins.com\\\/it\\\/#\\\/schema\\\/person\\\/91b38c6fd482bbb5d636526af3c9c44c\"},\"headline\":\"Martin KERN, ambasciatore del Pays des \u00c9crins\",\"datePublished\":\"2025-07-24T09:39:02+00:00\",\"dateModified\":\"2025-08-04T13:07:59+00:00\",\"mainEntityOfPage\":{\"@id\":\"https:\\\/\\\/www.paysdesecrins.com\\\/it\\\/martin-kern-ambasciatore-del-pays-des-ecrins\\\/\"},\"wordCount\":346,\"publisher\":{\"@id\":\"https:\\\/\\\/www.paysdesecrins.com\\\/it\\\/#organization\"},\"image\":{\"@id\":\"https:\\\/\\\/www.paysdesecrins.com\\\/it\\\/martin-kern-ambasciatore-del-pays-des-ecrins\\\/#primaryimage\"},\"thumbnailUrl\":\"https:\\\/\\\/www.paysdesecrins.com\\\/wp-content\\\/uploads\\\/2025\\\/07\\\/martin-kern-ambassadeur-du-pays-des-ecrins-deutsch-1608201002.png\",\"inLanguage\":\"it-IT\"},{\"@type\":\"WebPage\",\"@id\":\"https:\\\/\\\/www.paysdesecrins.com\\\/it\\\/martin-kern-ambasciatore-del-pays-des-ecrins\\\/\",\"url\":\"https:\\\/\\\/www.paysdesecrins.com\\\/it\\\/martin-kern-ambasciatore-del-pays-des-ecrins\\\/\",\"name\":\"Martin KERN, ambasciatore del Pays des \u00c9crins - Pays des \u00c9crins - Office de Tourisme\",\"isPartOf\":{\"@id\":\"https:\\\/\\\/www.paysdesecrins.com\\\/it\\\/#website\"},\"primaryImageOfPage\":{\"@id\":\"https:\\\/\\\/www.paysdesecrins.com\\\/it\\\/martin-kern-ambasciatore-del-pays-des-ecrins\\\/#primaryimage\"},\"image\":{\"@id\":\"https:\\\/\\\/www.paysdesecrins.com\\\/it\\\/martin-kern-ambasciatore-del-pays-des-ecrins\\\/#primaryimage\"},\"thumbnailUrl\":\"https:\\\/\\\/www.paysdesecrins.com\\\/wp-content\\\/uploads\\\/2025\\\/07\\\/martin-kern-ambassadeur-du-pays-des-ecrins-deutsch-1608201002.png\",\"datePublished\":\"2025-07-24T09:39:02+00:00\",\"dateModified\":\"2025-08-04T13:07:59+00:00\",\"breadcrumb\":{\"@id\":\"https:\\\/\\\/www.paysdesecrins.com\\\/it\\\/martin-kern-ambasciatore-del-pays-des-ecrins\\\/#breadcrumb\"},\"inLanguage\":\"it-IT\",\"potentialAction\":[{\"@type\":\"ReadAction\",\"target\":[\"https:\\\/\\\/www.paysdesecrins.com\\\/it\\\/martin-kern-ambasciatore-del-pays-des-ecrins\\\/\"]}]},{\"@type\":\"ImageObject\",\"inLanguage\":\"it-IT\",\"@id\":\"https:\\\/\\\/www.paysdesecrins.com\\\/it\\\/martin-kern-ambasciatore-del-pays-des-ecrins\\\/#primaryimage\",\"url\":\"https:\\\/\\\/www.paysdesecrins.com\\\/wp-content\\\/uploads\\\/2025\\\/07\\\/martin-kern-ambassadeur-du-pays-des-ecrins-deutsch-1608201002.png\",\"contentUrl\":\"https:\\\/\\\/www.paysdesecrins.com\\\/wp-content\\\/uploads\\\/2025\\\/07\\\/martin-kern-ambassadeur-du-pays-des-ecrins-deutsch-1608201002.png\",\"width\":1920,\"height\":480},{\"@type\":\"BreadcrumbList\",\"@id\":\"https:\\\/\\\/www.paysdesecrins.com\\\/it\\\/martin-kern-ambasciatore-del-pays-des-ecrins\\\/#breadcrumb\",\"itemListElement\":[{\"@type\":\"ListItem\",\"position\":1,\"name\":\"Accueil\",\"item\":\"https:\\\/\\\/www.paysdesecrins.com\\\/it\\\/il-titolo-della-casa\\\/\"},{\"@type\":\"ListItem\",\"position\":2,\"name\":\"Martin KERN, ambasciatore del Pays des \u00c9crins\"}]},{\"@type\":\"WebSite\",\"@id\":\"https:\\\/\\\/www.paysdesecrins.com\\\/it\\\/#website\",\"url\":\"https:\\\/\\\/www.paysdesecrins.com\\\/it\\\/\",\"name\":\"Pays des \u00c9crins - Office de Tourisme\",\"description\":\"L&#039;esprit montagne\",\"publisher\":{\"@id\":\"https:\\\/\\\/www.paysdesecrins.com\\\/it\\\/#organization\"},\"potentialAction\":[{\"@type\":\"SearchAction\",\"target\":{\"@type\":\"EntryPoint\",\"urlTemplate\":\"https:\\\/\\\/www.paysdesecrins.com\\\/it\\\/?s={search_term_string}\"},\"query-input\":{\"@type\":\"PropertyValueSpecification\",\"valueRequired\":true,\"valueName\":\"search_term_string\"}}],\"inLanguage\":\"it-IT\"},{\"@type\":\"Organization\",\"@id\":\"https:\\\/\\\/www.paysdesecrins.com\\\/it\\\/#organization\",\"name\":\"Pays des \u00c9crins - Office de Tourisme\",\"url\":\"https:\\\/\\\/www.paysdesecrins.com\\\/it\\\/\",\"logo\":{\"@type\":\"ImageObject\",\"inLanguage\":\"it-IT\",\"@id\":\"https:\\\/\\\/www.paysdesecrins.com\\\/it\\\/#\\\/schema\\\/logo\\\/image\\\/\",\"url\":\"https:\\\/\\\/www.paysdesecrins.com\\\/wp-content\\\/uploads\\\/2025\\\/06\\\/devina-svg-1750845694.svg\",\"contentUrl\":\"https:\\\/\\\/www.paysdesecrins.com\\\/wp-content\\\/uploads\\\/2025\\\/06\\\/devina-svg-1750845694.svg\",\"caption\":\"Pays des \u00c9crins - Office de Tourisme\"},\"image\":{\"@id\":\"https:\\\/\\\/www.paysdesecrins.com\\\/it\\\/#\\\/schema\\\/logo\\\/image\\\/\"}},{\"@type\":\"Person\",\"@id\":\"https:\\\/\\\/www.paysdesecrins.com\\\/it\\\/#\\\/schema\\\/person\\\/91b38c6fd482bbb5d636526af3c9c44c\",\"name\":\"Juliette BISIAUX\",\"url\":\"https:\\\/\\\/www.paysdesecrins.com\\\/it\\\/author\\\/juliette\\\/\"}]}<\/script>\n<!-- \/ Yoast SEO plugin. -->","yoast_head_json":{"title":"Martin KERN, ambasciatore del Pays des \u00c9crins - Pays des \u00c9crins - Office de Tourisme","robots":{"index":"index","follow":"follow","max-snippet":"max-snippet:-1","max-image-preview":"max-image-preview:large","max-video-preview":"max-video-preview:-1"},"canonical":"https:\/\/www.paysdesecrins.com\/it\/martin-kern-ambasciatore-del-pays-des-ecrins\/","og_locale":"it_IT","og_type":"article","og_title":"Martin KERN, ambasciatore del Pays des \u00c9crins - Pays des \u00c9crins - Office de Tourisme","og_description":"Da veri appassionati di sport di montagna, siamo andati a conoscere Martin Kern, ambasciatore dei sentieri del Pays des \u00c9crins. [&hellip;]","og_url":"https:\/\/www.paysdesecrins.com\/it\/martin-kern-ambasciatore-del-pays-des-ecrins\/","og_site_name":"Pays des \u00c9crins - Office de Tourisme","article_published_time":"2025-07-24T09:39:02+00:00","article_modified_time":"2025-08-04T13:07:59+00:00","og_image":[{"width":1920,"height":480,"url":"https:\/\/www.paysdesecrins.com\/wp-content\/uploads\/2025\/07\/martin-kern-ambassadeur-du-pays-des-ecrins-deutsch-1608201002.png","type":"image\/png"}],"author":"Juliette BISIAUX","twitter_card":"summary_large_image","twitter_misc":{"Scritto da":"Juliette BISIAUX","Tempo di lettura stimato":"2 minuti"},"schema":{"@context":"https:\/\/schema.org","@graph":[{"@type":"Article","@id":"https:\/\/www.paysdesecrins.com\/it\/martin-kern-ambasciatore-del-pays-des-ecrins\/#article","isPartOf":{"@id":"https:\/\/www.paysdesecrins.com\/it\/martin-kern-ambasciatore-del-pays-des-ecrins\/"},"author":{"name":"Juliette BISIAUX","@id":"https:\/\/www.paysdesecrins.com\/it\/#\/schema\/person\/91b38c6fd482bbb5d636526af3c9c44c"},"headline":"Martin KERN, ambasciatore del Pays des \u00c9crins","datePublished":"2025-07-24T09:39:02+00:00","dateModified":"2025-08-04T13:07:59+00:00","mainEntityOfPage":{"@id":"https:\/\/www.paysdesecrins.com\/it\/martin-kern-ambasciatore-del-pays-des-ecrins\/"},"wordCount":346,"publisher":{"@id":"https:\/\/www.paysdesecrins.com\/it\/#organization"},"image":{"@id":"https:\/\/www.paysdesecrins.com\/it\/martin-kern-ambasciatore-del-pays-des-ecrins\/#primaryimage"},"thumbnailUrl":"https:\/\/www.paysdesecrins.com\/wp-content\/uploads\/2025\/07\/martin-kern-ambassadeur-du-pays-des-ecrins-deutsch-1608201002.png","inLanguage":"it-IT"},{"@type":"WebPage","@id":"https:\/\/www.paysdesecrins.com\/it\/martin-kern-ambasciatore-del-pays-des-ecrins\/","url":"https:\/\/www.paysdesecrins.com\/it\/martin-kern-ambasciatore-del-pays-des-ecrins\/","name":"Martin KERN, ambasciatore del Pays des \u00c9crins - Pays des \u00c9crins - Office de Tourisme","isPartOf":{"@id":"https:\/\/www.paysdesecrins.com\/it\/#website"},"primaryImageOfPage":{"@id":"https:\/\/www.paysdesecrins.com\/it\/martin-kern-ambasciatore-del-pays-des-ecrins\/#primaryimage"},"image":{"@id":"https:\/\/www.paysdesecrins.com\/it\/martin-kern-ambasciatore-del-pays-des-ecrins\/#primaryimage"},"thumbnailUrl":"https:\/\/www.paysdesecrins.com\/wp-content\/uploads\/2025\/07\/martin-kern-ambassadeur-du-pays-des-ecrins-deutsch-1608201002.png","datePublished":"2025-07-24T09:39:02+00:00","dateModified":"2025-08-04T13:07:59+00:00","breadcrumb":{"@id":"https:\/\/www.paysdesecrins.com\/it\/martin-kern-ambasciatore-del-pays-des-ecrins\/#breadcrumb"},"inLanguage":"it-IT","potentialAction":[{"@type":"ReadAction","target":["https:\/\/www.paysdesecrins.com\/it\/martin-kern-ambasciatore-del-pays-des-ecrins\/"]}]},{"@type":"ImageObject","inLanguage":"it-IT","@id":"https:\/\/www.paysdesecrins.com\/it\/martin-kern-ambasciatore-del-pays-des-ecrins\/#primaryimage","url":"https:\/\/www.paysdesecrins.com\/wp-content\/uploads\/2025\/07\/martin-kern-ambassadeur-du-pays-des-ecrins-deutsch-1608201002.png","contentUrl":"https:\/\/www.paysdesecrins.com\/wp-content\/uploads\/2025\/07\/martin-kern-ambassadeur-du-pays-des-ecrins-deutsch-1608201002.png","width":1920,"height":480},{"@type":"BreadcrumbList","@id":"https:\/\/www.paysdesecrins.com\/it\/martin-kern-ambasciatore-del-pays-des-ecrins\/#breadcrumb","itemListElement":[{"@type":"ListItem","position":1,"name":"Accueil","item":"https:\/\/www.paysdesecrins.com\/it\/il-titolo-della-casa\/"},{"@type":"ListItem","position":2,"name":"Martin KERN, ambasciatore del Pays des \u00c9crins"}]},{"@type":"WebSite","@id":"https:\/\/www.paysdesecrins.com\/it\/#website","url":"https:\/\/www.paysdesecrins.com\/it\/","name":"Pays des \u00c9crins - Office de Tourisme","description":"L&#039;esprit montagne","publisher":{"@id":"https:\/\/www.paysdesecrins.com\/it\/#organization"},"potentialAction":[{"@type":"SearchAction","target":{"@type":"EntryPoint","urlTemplate":"https:\/\/www.paysdesecrins.com\/it\/?s={search_term_string}"},"query-input":{"@type":"PropertyValueSpecification","valueRequired":true,"valueName":"search_term_string"}}],"inLanguage":"it-IT"},{"@type":"Organization","@id":"https:\/\/www.paysdesecrins.com\/it\/#organization","name":"Pays des \u00c9crins - Office de Tourisme","url":"https:\/\/www.paysdesecrins.com\/it\/","logo":{"@type":"ImageObject","inLanguage":"it-IT","@id":"https:\/\/www.paysdesecrins.com\/it\/#\/schema\/logo\/image\/","url":"https:\/\/www.paysdesecrins.com\/wp-content\/uploads\/2025\/06\/devina-svg-1750845694.svg","contentUrl":"https:\/\/www.paysdesecrins.com\/wp-content\/uploads\/2025\/06\/devina-svg-1750845694.svg","caption":"Pays des \u00c9crins - Office de Tourisme"},"image":{"@id":"https:\/\/www.paysdesecrins.com\/it\/#\/schema\/logo\/image\/"}},{"@type":"Person","@id":"https:\/\/www.paysdesecrins.com\/it\/#\/schema\/person\/91b38c6fd482bbb5d636526af3c9c44c","name":"Juliette BISIAUX","url":"https:\/\/www.paysdesecrins.com\/it\/author\/juliette\/"}]}},"_links":{"self":[{"href":"https:\/\/www.paysdesecrins.com\/it\/wp-json\/wp\/v2\/posts\/46315","targetHints":{"allow":["GET"]}}],"collection":[{"href":"https:\/\/www.paysdesecrins.com\/it\/wp-json\/wp\/v2\/posts"}],"about":[{"href":"https:\/\/www.paysdesecrins.com\/it\/wp-json\/wp\/v2\/types\/post"}],"author":[{"embeddable":true,"href":"https:\/\/www.paysdesecrins.com\/it\/wp-json\/wp\/v2\/users\/4"}],"replies":[{"embeddable":true,"href":"https:\/\/www.paysdesecrins.com\/it\/wp-json\/wp\/v2\/comments?post=46315"}],"version-history":[{"count":0,"href":"https:\/\/www.paysdesecrins.com\/it\/wp-json\/wp\/v2\/posts\/46315\/revisions"}],"wp:featuredmedia":[{"embeddable":true,"href":"https:\/\/www.paysdesecrins.com\/it\/wp-json\/wp\/v2\/media\/40593"}],"wp:attachment":[{"href":"https:\/\/www.paysdesecrins.com\/it\/wp-json\/wp\/v2\/media?parent=46315"}],"wp:term":[{"taxonomy":"article_category","embeddable":true,"href":"https:\/\/www.paysdesecrins.com\/it\/wp-json\/wp\/v2\/article_category?post=46315"}],"curies":[{"name":"wp","href":"https:\/\/api.w.org\/{rel}","templated":true}]}}