{"id":46317,"date":"2025-07-24T11:53:44","date_gmt":"2025-07-24T09:53:44","guid":{"rendered":"https:\/\/www.paysdesecrins.com\/i-10-migliori-sentieri-dellecrins\/"},"modified":"2025-08-07T09:24:53","modified_gmt":"2025-08-07T07:24:53","slug":"i-10-migliori-sentieri-dellecrins","status":"publish","type":"post","link":"https:\/\/www.paysdesecrins.com\/it\/i-10-migliori-sentieri-dellecrins\/","title":{"rendered":"I 10 migliori sentieri dell&#8217;\u00c9crins"},"content":{"rendered":"    <div class=\"alignfull wp-block-ws-library-ws-header-interne\">\n\t    <div class=\"header-container\">\n\t        <div class=\"group-media has-image\">\n\t            \t                <img loading=\"lazy\" decoding=\"async\" width=\"1920\" height=\"800\" src=\"https:\/\/www.paysdesecrins.com\/wp-content\/uploads\/2025\/07\/bivouac-et-trail-cre-te-de-rougnoux-94-1920x800.jpg\" alt=\"\" class=\"image_large_square wp-image-42579\" \/>\n\t            \t        <\/div>\n\t        <div class=\"group-content\">\n\t            <div class=\"title\">\n\t                <h1>\n\t                    I 10 migliori sentieri dell&#039;\u00c9crins\t                    \t                <\/h1>\n\t            <\/div>\n\t        <\/div>\n\t    <\/div>\n\t    \n<div class=\"yoast-breadcrumbs\"><span><span><a href=\"https:\/\/www.paysdesecrins.com\/it\/il-titolo-della-casa\/\">Accueil<\/a><\/span>  <span class=\"breadcrumb_last\" aria-current=\"page\">I 10 migliori sentieri dell&rsquo;\u00c9crins<\/span><\/span><\/div>\n    <\/div>\n    \n<div class=\"wp-block-ws-library-ws-title aligncenter is-style-simple\"><h2>Sentieri nel<br>Pays des \u00c9crins<\/h2><\/div>\n\n<p class=\"has-text-align-center\">Vieni a sfogarti sui nostri 10 percorsi pi\u00f9 belli nel cuore del Pays des Ecrins.  <\/p>\n\n<div class=\"wp-block-ws-library-ws-columns alignwide has-2-columns are-vertically-aligned-center layout-5050 is-style-background\">\n<div class=\"wp-block-ws-library-ws-column\"><div class=\"wrapper\">\n<div class=\"wp-block-ws-library-ws-title\"><h3><em>La Roche-de-Rame,<\/em> circuito dei laghi<\/h3><\/div>\n\n\n\n<p>Una superba <strong>salita nel bosco<\/strong>, con qualche ripido pendio per dare il via al cardio, poi la vista che si apre sul <strong>Queyras <\/strong>e sulla <strong>T\u00eate de Vautisse<\/strong> man mano che ci si avvicina al <strong>passo del Peyron<\/strong>. Finalmente arrivati in cima, ci si gode un po&#8217;, si respira molto, ci si gode la vista del <strong>Pic du B\u00e9al Traversier <\/strong>alle proprie spalle, poi si guarda un po&#8217; verso la discesa. E finalmente scopriamo il vero obiettivo di questa gara, il Lago<strong> Escur<\/strong> e poi il Lago<strong> d&#8217;Ascensione<\/strong>, che possiamo goderci a nostro piacimento durante la discesa, molto dolce e regolare.  <\/p>\n<\/div><\/div>\n\n\n\n<div class=\"wp-block-ws-library-ws-column\"><div class=\"wrapper\">\n<div class=\"wp-block-ws-library-ws-image\"><div class=\"wrapper\"><div class=\"group-media\"><img decoding=\"async\" src=\"https:\/\/www.paysdesecrins.com\/wp-content\/uploads\/2025\/07\/1591624817-1983885723-960x640.jpg\" alt=\"\" class=\"single_image ws-image-40686\"><div class=\"credits\"><\/div><\/div><p class=\"caption\"><\/p><\/div><\/div>\n<\/div><\/div>\n<\/div>\n\n<div class=\"wp-block-ws-library-ws-title\"><h3><em>I Vigneaux<\/em>La Croce di La Salcette<\/h3><\/div>\n\n<p><strong>Lasciando Les Vigneaux <\/strong>e la valle della <strong>Vallouise<\/strong>, si sale gradualmente sopra due valli, una volta verso <strong>Brian\u00e7on<\/strong>, l&#8217;altra verso <strong>Vallouise<\/strong>, mentre si raggiunge la frazione di <strong>Bouchier <\/strong>in cui si vorrebbe fermarsi perch\u00e9 l&#8217;atmosfera \u00e8 cos\u00ec mite. Ripartiamo nel bosco seguendo una <strong>pendenza regolare<\/strong>, fino all&#8217;arrivo sotto le <strong>tenaglie del Montbrison<\/strong>, dove la pendenza si fa pi\u00f9 ripida, gli ultimi sforzi prima di arrivare alla<strong> Croix de la Salcette<\/strong>, da dove dominiamo quasi tutto e da dove la vista \u00e8 magica! <\/p>\n\n<div class=\"wp-block-ws-library-ws-columns alignwide has-2-columns are-vertically-aligned-center layout-5050 is-style-background\">\n<div class=\"wp-block-ws-library-ws-column\"><div class=\"wrapper\">\n<div class=\"wp-block-ws-library-ws-image\"><div class=\"wrapper\"><div class=\"group-media\"><img decoding=\"async\" src=\"https:\/\/www.paysdesecrins.com\/wp-content\/uploads\/2025\/07\/1591625247-876957826-960x640.jpg\" alt=\"\" class=\"single_image ws-image-40692\"><div class=\"credits\"><\/div><\/div><p class=\"caption\"><\/p><\/div><\/div>\n<\/div><\/div>\n\n\n\n<div class=\"wp-block-ws-library-ws-column\"><div class=\"wrapper\">\n<div class=\"wp-block-ws-library-ws-title\"><h3><em>I Vigneaux<\/em>Il tour di Montbrison<\/h3><\/div>\n\n\n\n<p><strong>Il Col de la Trancoulette<\/strong> e il <strong>Col de la Vallouise<\/strong> sono in programma di questo <strong>sentiero difficile <\/strong>ma <strong>magnifico <\/strong>che ti porta intorno all&#8217;emblematica <strong>Montbrison<\/strong>. La lunga salita al<strong> Col de la Trancoulette<\/strong> \u00e8 ricca e varia, lasciamo gradualmente Les <strong>Vigneaux <\/strong>e <strong>Bouchier <\/strong>per addentrarci pi\u00f9 in profondit\u00e0 nel <strong>massiccio del Montbrison.<\/strong> Poi ne usciamo salendo verso il <strong>Col de la Vallouise<\/strong>, dove il <strong>Pelvoux <\/strong>e il <strong>Blanche <\/strong>si rivelano un po&#8217; di pi\u00f9 ad ogni passo. La fine \u00e8 una gara in discesa fino a Les <strong>Vigneaux<\/strong>.  <\/p>\n<\/div><\/div>\n<\/div>\n\n<div class=\"wp-block-ws-library-ws-title\"><h3><em>Freissini\u00e8res<\/em>La passeggiata del signore<\/h3><\/div>\n\n<p>Il trail running ti ha sempre affascinato ma hai paura di fare il grande passo, temendo salite troppo ripide o discese troppo faticose? Fortunatamente, la <strong>valle di Freissini\u00e8res<\/strong> e la <strong>ballata Monsieu,<\/strong>giustamente chiamata, sono l\u00ec per te, con una partenza in fondo alla valle, poi una <strong>leggera salita<\/strong> su un <strong>eccellente sentiero forestale<\/strong>. La discesa \u00e8 ondulata e molto piacevole, prima di raggiungere il fondovalle, dove si pu\u00f2 godere di uno <strong>scenario<\/strong> <strong>eccezionale<\/strong>, quasi senza fatica!  <\/p>\n\n<div class=\"wp-block-ws-library-ws-columns alignwide has-2-columns are-vertically-aligned-center layout-5050 is-style-background\">\n<div class=\"wp-block-ws-library-ws-column\"><div class=\"wrapper\">\n<div class=\"wp-block-ws-library-ws-title\"><h3>Il Col de la Pousterle<\/h3><\/div>\n\n\n\n<p>La salita ad un passo \u00e8 la certezza di una <strong>scoperta <\/strong>che avverr\u00e0, ad un certo punto, un <strong>paesaggio <\/strong>che si apre dopo un&#8217;ultima curva. La salita al <strong>Col de la Pousterle<\/strong> \u00e8 tutto questo, e anche un po&#8217; meglio. Poich\u00e9 qui i <strong>paesaggi sono innumerevoli <\/strong>, quasi ci si dimentica che si sta correndo e che la pendenza sta salendo, tanto \u00e8 accattivante il paesaggio. L&#8217;arrivo in cima non potrebbe essere pi\u00f9 magico, un <strong>altopiano boscoso,<\/strong> <strong>splendide luci<\/strong>&#8230; Si esiterebbe quasi a scendere!   <\/p>\n<\/div><\/div>\n\n\n\n<div class=\"wp-block-ws-library-ws-column\"><div class=\"wrapper\">\n<div class=\"wp-block-ws-library-ws-image\"><div class=\"wrapper\"><div class=\"group-media\"><img decoding=\"async\" src=\"https:\/\/www.paysdesecrins.com\/wp-content\/uploads\/2025\/07\/1591625874-647153212-960x640.jpg\" alt=\"\" class=\"single_image ws-image-40703\"><div class=\"credits\"><\/div><\/div><p class=\"caption\"><\/p><\/div><\/div>\n<\/div><\/div>\n<\/div>\n\n<div class=\"wp-block-ws-library-ws-title\"><h3><em>Vallouise<\/em>Trailounet<\/h3><\/div>\n\n<p>All&#8217;inizio di questo sentiero, se si sale, \u00e8 solo per fare un passo indietro dalla valle di <strong>Vallouise<\/strong>, per poter osservare pi\u00f9 liberamente il villaggio di <strong>Vallouise <\/strong>e <strong>le cime dei Bans<\/strong>. Unendoti al sentiero del balcone, puoi assaporare le gioie dei sentieri ricoperti di spine che rendono la <strong>falcata cos\u00ec fluida<\/strong> e <strong>l&#8217;appoggio cos\u00ec flessibile<\/strong>. Il ritorno \u00e8 lungo la <strong>Gyronde <\/strong>su un sentiero pianeggiante che prevede lo <strong>sprint finale<\/strong>.    <\/p>\n\n<div class=\"wp-block-ws-library-ws-columns alignwide has-2-columns are-vertically-aligned-center layout-5050 is-style-background\">\n<div class=\"wp-block-ws-library-ws-column\"><div class=\"wrapper\">\n<div class=\"wp-block-ws-library-ws-image\"><div class=\"wrapper\"><div class=\"group-media\"><img decoding=\"async\" src=\"https:\/\/www.paysdesecrins.com\/wp-content\/uploads\/2025\/07\/1591626595-603155237-960x640.jpg\" alt=\"\" class=\"single_image ws-image-40715\"><div class=\"credits\"><\/div><\/div><p class=\"caption\"><\/p><\/div><\/div>\n<\/div><\/div>\n\n\n\n<div class=\"wp-block-ws-library-ws-column\"><div class=\"wrapper\">\n<div class=\"wp-block-ws-library-ws-title\"><h3>Il circuito di Lauzet<\/h3><\/div>\n\n\n\n<p>Sei un trail runner e vuoi migliorare la tua <strong>tecnica di corsa<\/strong> ? Il <strong>Circuit du Lauzet<\/strong> fa per voi! Pista forestale, attraversamento di <strong>torrenti<\/strong>, pista erbosa, attraversamento <strong>forestale<\/strong>, ripida salita e discesa in piccoli tornanti. Questo tranquillo itinerario esplora due piccole <strong>valli<\/strong>, con i <strong>tipici chalet di Lauzet<\/strong> come punto culminante.   <\/p>\n<\/div><\/div>\n<\/div>\n\n<div class=\"wp-block-ws-library-ws-title\"><h3>Puy Aillaud<\/h3><\/div>\n\n<p>La partenza lungo il <strong>Gyr <\/strong>\u00e8 un<strong> riscaldamento perfetto<\/strong>, da <strong>Vallouise <\/strong>a <strong>Pelvoux<\/strong>, prima di affrontare la salita al Puy Aillaud. La salita \u00e8 dolce e regolare, e lascia il tempo di ammirare le <strong>frazioni di Pelvou<\/strong>x sottostanti cos\u00ec come la <strong>valle di Chambran<\/strong>, dominata dalla piramide delle <strong>Cucumelle<\/strong>. L&#8217;arrivo in vetta avviene in un prato fiorito, prima di raggiungere la frazione di <strong>Puy Aillaud<\/strong>, per poi scendere a Vallouise attraverso la <strong>foresta<\/strong>, guardando verso il Queyras.    <\/p>\n\n<div class=\"wp-block-ws-library-ws-columns alignwide has-2-columns are-vertically-aligned-center layout-5050 is-style-background\">\n<div class=\"wp-block-ws-library-ws-column\"><div class=\"wrapper\">\n<div class=\"wp-block-ws-library-ws-title\"><h3><em>La Durance<\/em>Circuito di biglie rosa<\/h3><\/div>\n\n\n\n<p>Un anello molto facile da salire sopra la <strong>Durance<\/strong>, tra la <strong>pineta <\/strong>e <strong>la lavanda<\/strong>, su una pista forestale in ottime condizioni. La vista libera permette di ammirare il singolare lago della<strong> Roche de Rame<\/strong>, lungo un balcone che attraversa verso sud, prima di tornare alla Roche de Rame. Di sicuro, il solo pensiero di immergere le gambe stanche <strong>nell&#8217;acqua limpida<\/strong> dovrebbe farti accelerare alla fine.    <\/p>\n<\/div><\/div>\n\n\n\n<div class=\"wp-block-ws-library-ws-column\"><div class=\"wrapper\">\n<div class=\"wp-block-ws-library-ws-image\"><div class=\"wrapper\"><div class=\"group-media\"><img decoding=\"async\" src=\"https:\/\/www.paysdesecrins.com\/wp-content\/uploads\/2025\/07\/1591626943-1848220151-960x640.jpg\" alt=\"\" class=\"single_image ws-image-40725\"><div class=\"credits\"><\/div><\/div><p class=\"caption\"><\/p><\/div><\/div>\n<\/div><\/div>\n<\/div>\n\n<div class=\"wp-block-ws-library-ws-title\"><h3><em>Vallouise<\/em>Ondinette<\/h3><\/div>\n\n<p>Se la pendenza vi spaventa, se il sole vi preoccupa, prendete comunque le scarpe e seguite la<strong> pista forestale<\/strong> lungo <strong>l&#8217;Onde<\/strong>, su un percorso calmo e silenzioso. Perfetta per le sessioni di <strong>iniziazione <\/strong>o <strong>di recupero<\/strong>, l&#8217;Ondinette \u00e8 un&#8217;occasione per chiudere gli occhi (non troppo a lungo durante la corsa) per godersi il suono delle <strong>cascate <\/strong>e del <strong>torrente<\/strong>, e per sentire i <strong>larici <\/strong>intorno a s\u00e9.<strong> <\/strong> <\/p>\n\n<div class=\"wp-block-ws-library-ws-slider alignfull\"><div class=\"splide\" data-splide=\"{\"type\":\"slide\",\"heightRatio\":\"auto\",\"perPage\":4,\"perMove\":1,\"drag\":true,\"pagination\":0,\"autoplay\":false,\"gap\":\"15px\",\"breakpoints\":{\"450\":{\"perPage\":1},\"768\":{\"perPage\":2},\"992\":{\"perPage\":3},\"1200\":{\"perPage\":4}}}\"><div class=\"splide__track\"><div class=\"splide__list\"><div class=\"splide__slide\"><a href=\"https:\/\/www.paysdesecrins.com\/wp-content\/uploads\/2025\/07\/1591627255-842798372-400x400.jpg\" data-glightbox=\"true\" class=\"lightbox-trigger\"><img decoding=\"async\" src=\"https:\/\/www.paysdesecrins.com\/wp-content\/uploads\/2025\/07\/1591627255-842798372-400x400.jpg\" alt=\"\"><\/a><\/div><div class=\"splide__slide\"><a href=\"https:\/\/www.paysdesecrins.com\/wp-content\/uploads\/2025\/07\/1591627255-980088542-400x400.jpg\" data-glightbox=\"true\" class=\"lightbox-trigger\"><img decoding=\"async\" src=\"https:\/\/www.paysdesecrins.com\/wp-content\/uploads\/2025\/07\/1591627255-980088542-400x400.jpg\" alt=\"\"><\/a><\/div><div class=\"splide__slide\"><a href=\"https:\/\/www.paysdesecrins.com\/wp-content\/uploads\/2025\/07\/1591627255-1446659587-400x400.jpg\" data-glightbox=\"true\" class=\"lightbox-trigger\"><img decoding=\"async\" src=\"https:\/\/www.paysdesecrins.com\/wp-content\/uploads\/2025\/07\/1591627255-1446659587-400x400.jpg\" alt=\"\"><\/a><\/div><\/div><\/div><\/div><\/div>\n\n<p>Ti \u00e8 piaciuta <strong>l&#8217;esperienza <\/strong>e vorresti scoprire<strong> tutti gli altri nostri percorsi di percorso<\/strong>? Volete provare l&#8217;avventura di un sentiero di <strong>3 giorni<\/strong> intorno al Pays des Ecrins? Visita il nostro portale <a href=\"https:\/\/rando.paysdesecrins.com\/?categories=T8\" target=\"_blank\" rel=\"noreferrer noopener\">Geotrek <\/a>per il massimo dei <strong>percorsi eccezionali<\/strong> !    <\/p>\n\n<div class=\"wp-block-ws-library-ws-featured-content\">\n<div class=\"wp-block-ws-library-ws-title\"><h2>Pianifica i tuoi percorsi online<\/h2><\/div>\n\n\n\n<p>Scoprite <strong>il nostro sito dedicato alle escursioni negli \u00c9crins<\/strong> e preparate al meglio la vostra prossima uscita!<\/p>\n\n\n\n<div class=\"wp-block-ws-library-ws-button has-text-align-left is-style-default\"><a href=\"https:\/\/rando.paysdesecrins.com\/\" class=\"wp-block-button__link wp-element-button btn\">  Tutti i percorsi<\/a><\/div>\n<\/div>\n\n<div class=\"wp-block-ws-library-ws-share\"><span class=\"share-subtitle\">Ti \u00e8 piaciuta questa pagina?<\/span><span class=\"share-title\">Condividilo!<\/span><button class=\"ws-share-button wp-element-button\">Condividi questa pagina<\/button><\/div>\n","protected":false},"excerpt":{"rendered":"<p>Vieni a sfogarti sui nostri 10 percorsi pi\u00f9 belli nel cuore del Pays des Ecrins. Lasciando Les Vigneaux e la [&hellip;]<\/p>\n","protected":false},"author":4,"featured_media":42583,"comment_status":"closed","ping_status":"closed","sticky":false,"template":"","format":"standard","meta":{"_thumbnail_id_2":0,"summer_excerpt":"","season":"","station":"","footnotes":""},"article_category":[3859],"class_list":["post-46317","post","type-post","status-publish","format-standard","has-post-thumbnail","hentry","article_category-nelle-notizie"],"yoast_head":"<!-- This site is optimized with the Yoast SEO plugin v27.3 - https:\/\/yoast.com\/product\/yoast-seo-wordpress\/ -->\n<title>I 10 migliori sentieri dell&#039;\u00c9crins - Pays des \u00c9crins - Office de Tourisme<\/title>\n<meta name=\"robots\" content=\"index, follow, max-snippet:-1, max-image-preview:large, max-video-preview:-1\" \/>\n<link rel=\"canonical\" href=\"https:\/\/www.paysdesecrins.com\/it\/i-10-migliori-sentieri-dellecrins\/\" \/>\n<meta property=\"og:locale\" content=\"it_IT\" \/>\n<meta property=\"og:type\" content=\"article\" \/>\n<meta property=\"og:title\" content=\"I 10 migliori sentieri dell&#039;\u00c9crins - Pays des \u00c9crins - Office de Tourisme\" \/>\n<meta property=\"og:description\" content=\"Vieni a sfogarti sui nostri 10 percorsi pi\u00f9 belli nel cuore del Pays des Ecrins. Lasciando Les Vigneaux e la [&hellip;]\" \/>\n<meta property=\"og:url\" content=\"https:\/\/www.paysdesecrins.com\/it\/i-10-migliori-sentieri-dellecrins\/\" \/>\n<meta property=\"og:site_name\" content=\"Pays des \u00c9crins - Office de Tourisme\" \/>\n<meta property=\"article:published_time\" content=\"2025-07-24T09:53:44+00:00\" \/>\n<meta property=\"article:modified_time\" content=\"2025-08-07T07:24:53+00:00\" \/>\n<meta property=\"og:image\" content=\"https:\/\/www.paysdesecrins.com\/wp-content\/uploads\/2025\/07\/bivouac-et-trail-cre-te-de-rougnoux-94-scaled.jpg\" \/>\n\t<meta property=\"og:image:width\" content=\"2560\" \/>\n\t<meta property=\"og:image:height\" content=\"1707\" \/>\n\t<meta property=\"og:image:type\" content=\"image\/jpeg\" \/>\n<meta name=\"author\" content=\"Juliette BISIAUX\" \/>\n<meta name=\"twitter:card\" content=\"summary_large_image\" \/>\n<meta name=\"twitter:label1\" content=\"Scritto da\" \/>\n\t<meta name=\"twitter:data1\" content=\"Juliette BISIAUX\" \/>\n\t<meta name=\"twitter:label2\" content=\"Tempo di lettura stimato\" \/>\n\t<meta name=\"twitter:data2\" content=\"4 minuti\" \/>\n<script type=\"application\/ld+json\" class=\"yoast-schema-graph\">{\"@context\":\"https:\\\/\\\/schema.org\",\"@graph\":[{\"@type\":\"Article\",\"@id\":\"https:\\\/\\\/www.paysdesecrins.com\\\/it\\\/i-10-migliori-sentieri-dellecrins\\\/#article\",\"isPartOf\":{\"@id\":\"https:\\\/\\\/www.paysdesecrins.com\\\/it\\\/i-10-migliori-sentieri-dellecrins\\\/\"},\"author\":{\"name\":\"Juliette BISIAUX\",\"@id\":\"https:\\\/\\\/www.paysdesecrins.com\\\/it\\\/#\\\/schema\\\/person\\\/91b38c6fd482bbb5d636526af3c9c44c\"},\"headline\":\"I 10 migliori sentieri dell&#8217;\u00c9crins\",\"datePublished\":\"2025-07-24T09:53:44+00:00\",\"dateModified\":\"2025-08-07T07:24:53+00:00\",\"mainEntityOfPage\":{\"@id\":\"https:\\\/\\\/www.paysdesecrins.com\\\/it\\\/i-10-migliori-sentieri-dellecrins\\\/\"},\"wordCount\":903,\"publisher\":{\"@id\":\"https:\\\/\\\/www.paysdesecrins.com\\\/it\\\/#organization\"},\"image\":{\"@id\":\"https:\\\/\\\/www.paysdesecrins.com\\\/it\\\/i-10-migliori-sentieri-dellecrins\\\/#primaryimage\"},\"thumbnailUrl\":\"https:\\\/\\\/www.paysdesecrins.com\\\/wp-content\\\/uploads\\\/2025\\\/07\\\/bivouac-et-trail-cre-te-de-rougnoux-94-scaled.jpg\",\"inLanguage\":\"it-IT\"},{\"@type\":\"WebPage\",\"@id\":\"https:\\\/\\\/www.paysdesecrins.com\\\/it\\\/i-10-migliori-sentieri-dellecrins\\\/\",\"url\":\"https:\\\/\\\/www.paysdesecrins.com\\\/it\\\/i-10-migliori-sentieri-dellecrins\\\/\",\"name\":\"I 10 migliori sentieri dell'\u00c9crins - Pays des \u00c9crins - Office de Tourisme\",\"isPartOf\":{\"@id\":\"https:\\\/\\\/www.paysdesecrins.com\\\/it\\\/#website\"},\"primaryImageOfPage\":{\"@id\":\"https:\\\/\\\/www.paysdesecrins.com\\\/it\\\/i-10-migliori-sentieri-dellecrins\\\/#primaryimage\"},\"image\":{\"@id\":\"https:\\\/\\\/www.paysdesecrins.com\\\/it\\\/i-10-migliori-sentieri-dellecrins\\\/#primaryimage\"},\"thumbnailUrl\":\"https:\\\/\\\/www.paysdesecrins.com\\\/wp-content\\\/uploads\\\/2025\\\/07\\\/bivouac-et-trail-cre-te-de-rougnoux-94-scaled.jpg\",\"datePublished\":\"2025-07-24T09:53:44+00:00\",\"dateModified\":\"2025-08-07T07:24:53+00:00\",\"breadcrumb\":{\"@id\":\"https:\\\/\\\/www.paysdesecrins.com\\\/it\\\/i-10-migliori-sentieri-dellecrins\\\/#breadcrumb\"},\"inLanguage\":\"it-IT\",\"potentialAction\":[{\"@type\":\"ReadAction\",\"target\":[\"https:\\\/\\\/www.paysdesecrins.com\\\/it\\\/i-10-migliori-sentieri-dellecrins\\\/\"]}]},{\"@type\":\"ImageObject\",\"inLanguage\":\"it-IT\",\"@id\":\"https:\\\/\\\/www.paysdesecrins.com\\\/it\\\/i-10-migliori-sentieri-dellecrins\\\/#primaryimage\",\"url\":\"https:\\\/\\\/www.paysdesecrins.com\\\/wp-content\\\/uploads\\\/2025\\\/07\\\/bivouac-et-trail-cre-te-de-rougnoux-94-scaled.jpg\",\"contentUrl\":\"https:\\\/\\\/www.paysdesecrins.com\\\/wp-content\\\/uploads\\\/2025\\\/07\\\/bivouac-et-trail-cre-te-de-rougnoux-94-scaled.jpg\",\"width\":2560,\"height\":1707},{\"@type\":\"BreadcrumbList\",\"@id\":\"https:\\\/\\\/www.paysdesecrins.com\\\/it\\\/i-10-migliori-sentieri-dellecrins\\\/#breadcrumb\",\"itemListElement\":[{\"@type\":\"ListItem\",\"position\":1,\"name\":\"Accueil\",\"item\":\"https:\\\/\\\/www.paysdesecrins.com\\\/it\\\/il-titolo-della-casa\\\/\"},{\"@type\":\"ListItem\",\"position\":2,\"name\":\"I 10 migliori sentieri dell&rsquo;\u00c9crins\"}]},{\"@type\":\"WebSite\",\"@id\":\"https:\\\/\\\/www.paysdesecrins.com\\\/it\\\/#website\",\"url\":\"https:\\\/\\\/www.paysdesecrins.com\\\/it\\\/\",\"name\":\"Pays des \u00c9crins - Office de Tourisme\",\"description\":\"L&#039;esprit montagne\",\"publisher\":{\"@id\":\"https:\\\/\\\/www.paysdesecrins.com\\\/it\\\/#organization\"},\"potentialAction\":[{\"@type\":\"SearchAction\",\"target\":{\"@type\":\"EntryPoint\",\"urlTemplate\":\"https:\\\/\\\/www.paysdesecrins.com\\\/it\\\/?s={search_term_string}\"},\"query-input\":{\"@type\":\"PropertyValueSpecification\",\"valueRequired\":true,\"valueName\":\"search_term_string\"}}],\"inLanguage\":\"it-IT\"},{\"@type\":\"Organization\",\"@id\":\"https:\\\/\\\/www.paysdesecrins.com\\\/it\\\/#organization\",\"name\":\"Pays des \u00c9crins - Office de Tourisme\",\"url\":\"https:\\\/\\\/www.paysdesecrins.com\\\/it\\\/\",\"logo\":{\"@type\":\"ImageObject\",\"inLanguage\":\"it-IT\",\"@id\":\"https:\\\/\\\/www.paysdesecrins.com\\\/it\\\/#\\\/schema\\\/logo\\\/image\\\/\",\"url\":\"https:\\\/\\\/www.paysdesecrins.com\\\/wp-content\\\/uploads\\\/2025\\\/06\\\/devina-svg-1750845694.svg\",\"contentUrl\":\"https:\\\/\\\/www.paysdesecrins.com\\\/wp-content\\\/uploads\\\/2025\\\/06\\\/devina-svg-1750845694.svg\",\"caption\":\"Pays des \u00c9crins - Office de Tourisme\"},\"image\":{\"@id\":\"https:\\\/\\\/www.paysdesecrins.com\\\/it\\\/#\\\/schema\\\/logo\\\/image\\\/\"}},{\"@type\":\"Person\",\"@id\":\"https:\\\/\\\/www.paysdesecrins.com\\\/it\\\/#\\\/schema\\\/person\\\/91b38c6fd482bbb5d636526af3c9c44c\",\"name\":\"Juliette BISIAUX\",\"url\":\"https:\\\/\\\/www.paysdesecrins.com\\\/it\\\/author\\\/juliette\\\/\"}]}<\/script>\n<!-- \/ Yoast SEO plugin. -->","yoast_head_json":{"title":"I 10 migliori sentieri dell'\u00c9crins - Pays des \u00c9crins - Office de Tourisme","robots":{"index":"index","follow":"follow","max-snippet":"max-snippet:-1","max-image-preview":"max-image-preview:large","max-video-preview":"max-video-preview:-1"},"canonical":"https:\/\/www.paysdesecrins.com\/it\/i-10-migliori-sentieri-dellecrins\/","og_locale":"it_IT","og_type":"article","og_title":"I 10 migliori sentieri dell'\u00c9crins - Pays des \u00c9crins - Office de Tourisme","og_description":"Vieni a sfogarti sui nostri 10 percorsi pi\u00f9 belli nel cuore del Pays des Ecrins. Lasciando Les Vigneaux e la [&hellip;]","og_url":"https:\/\/www.paysdesecrins.com\/it\/i-10-migliori-sentieri-dellecrins\/","og_site_name":"Pays des \u00c9crins - Office de Tourisme","article_published_time":"2025-07-24T09:53:44+00:00","article_modified_time":"2025-08-07T07:24:53+00:00","og_image":[{"width":2560,"height":1707,"url":"https:\/\/www.paysdesecrins.com\/wp-content\/uploads\/2025\/07\/bivouac-et-trail-cre-te-de-rougnoux-94-scaled.jpg","type":"image\/jpeg"}],"author":"Juliette BISIAUX","twitter_card":"summary_large_image","twitter_misc":{"Scritto da":"Juliette BISIAUX","Tempo di lettura stimato":"4 minuti"},"schema":{"@context":"https:\/\/schema.org","@graph":[{"@type":"Article","@id":"https:\/\/www.paysdesecrins.com\/it\/i-10-migliori-sentieri-dellecrins\/#article","isPartOf":{"@id":"https:\/\/www.paysdesecrins.com\/it\/i-10-migliori-sentieri-dellecrins\/"},"author":{"name":"Juliette BISIAUX","@id":"https:\/\/www.paysdesecrins.com\/it\/#\/schema\/person\/91b38c6fd482bbb5d636526af3c9c44c"},"headline":"I 10 migliori sentieri dell&#8217;\u00c9crins","datePublished":"2025-07-24T09:53:44+00:00","dateModified":"2025-08-07T07:24:53+00:00","mainEntityOfPage":{"@id":"https:\/\/www.paysdesecrins.com\/it\/i-10-migliori-sentieri-dellecrins\/"},"wordCount":903,"publisher":{"@id":"https:\/\/www.paysdesecrins.com\/it\/#organization"},"image":{"@id":"https:\/\/www.paysdesecrins.com\/it\/i-10-migliori-sentieri-dellecrins\/#primaryimage"},"thumbnailUrl":"https:\/\/www.paysdesecrins.com\/wp-content\/uploads\/2025\/07\/bivouac-et-trail-cre-te-de-rougnoux-94-scaled.jpg","inLanguage":"it-IT"},{"@type":"WebPage","@id":"https:\/\/www.paysdesecrins.com\/it\/i-10-migliori-sentieri-dellecrins\/","url":"https:\/\/www.paysdesecrins.com\/it\/i-10-migliori-sentieri-dellecrins\/","name":"I 10 migliori sentieri dell'\u00c9crins - Pays des \u00c9crins - Office de Tourisme","isPartOf":{"@id":"https:\/\/www.paysdesecrins.com\/it\/#website"},"primaryImageOfPage":{"@id":"https:\/\/www.paysdesecrins.com\/it\/i-10-migliori-sentieri-dellecrins\/#primaryimage"},"image":{"@id":"https:\/\/www.paysdesecrins.com\/it\/i-10-migliori-sentieri-dellecrins\/#primaryimage"},"thumbnailUrl":"https:\/\/www.paysdesecrins.com\/wp-content\/uploads\/2025\/07\/bivouac-et-trail-cre-te-de-rougnoux-94-scaled.jpg","datePublished":"2025-07-24T09:53:44+00:00","dateModified":"2025-08-07T07:24:53+00:00","breadcrumb":{"@id":"https:\/\/www.paysdesecrins.com\/it\/i-10-migliori-sentieri-dellecrins\/#breadcrumb"},"inLanguage":"it-IT","potentialAction":[{"@type":"ReadAction","target":["https:\/\/www.paysdesecrins.com\/it\/i-10-migliori-sentieri-dellecrins\/"]}]},{"@type":"ImageObject","inLanguage":"it-IT","@id":"https:\/\/www.paysdesecrins.com\/it\/i-10-migliori-sentieri-dellecrins\/#primaryimage","url":"https:\/\/www.paysdesecrins.com\/wp-content\/uploads\/2025\/07\/bivouac-et-trail-cre-te-de-rougnoux-94-scaled.jpg","contentUrl":"https:\/\/www.paysdesecrins.com\/wp-content\/uploads\/2025\/07\/bivouac-et-trail-cre-te-de-rougnoux-94-scaled.jpg","width":2560,"height":1707},{"@type":"BreadcrumbList","@id":"https:\/\/www.paysdesecrins.com\/it\/i-10-migliori-sentieri-dellecrins\/#breadcrumb","itemListElement":[{"@type":"ListItem","position":1,"name":"Accueil","item":"https:\/\/www.paysdesecrins.com\/it\/il-titolo-della-casa\/"},{"@type":"ListItem","position":2,"name":"I 10 migliori sentieri dell&rsquo;\u00c9crins"}]},{"@type":"WebSite","@id":"https:\/\/www.paysdesecrins.com\/it\/#website","url":"https:\/\/www.paysdesecrins.com\/it\/","name":"Pays des \u00c9crins - Office de Tourisme","description":"L&#039;esprit montagne","publisher":{"@id":"https:\/\/www.paysdesecrins.com\/it\/#organization"},"potentialAction":[{"@type":"SearchAction","target":{"@type":"EntryPoint","urlTemplate":"https:\/\/www.paysdesecrins.com\/it\/?s={search_term_string}"},"query-input":{"@type":"PropertyValueSpecification","valueRequired":true,"valueName":"search_term_string"}}],"inLanguage":"it-IT"},{"@type":"Organization","@id":"https:\/\/www.paysdesecrins.com\/it\/#organization","name":"Pays des \u00c9crins - Office de Tourisme","url":"https:\/\/www.paysdesecrins.com\/it\/","logo":{"@type":"ImageObject","inLanguage":"it-IT","@id":"https:\/\/www.paysdesecrins.com\/it\/#\/schema\/logo\/image\/","url":"https:\/\/www.paysdesecrins.com\/wp-content\/uploads\/2025\/06\/devina-svg-1750845694.svg","contentUrl":"https:\/\/www.paysdesecrins.com\/wp-content\/uploads\/2025\/06\/devina-svg-1750845694.svg","caption":"Pays des \u00c9crins - Office de Tourisme"},"image":{"@id":"https:\/\/www.paysdesecrins.com\/it\/#\/schema\/logo\/image\/"}},{"@type":"Person","@id":"https:\/\/www.paysdesecrins.com\/it\/#\/schema\/person\/91b38c6fd482bbb5d636526af3c9c44c","name":"Juliette BISIAUX","url":"https:\/\/www.paysdesecrins.com\/it\/author\/juliette\/"}]}},"_links":{"self":[{"href":"https:\/\/www.paysdesecrins.com\/it\/wp-json\/wp\/v2\/posts\/46317","targetHints":{"allow":["GET"]}}],"collection":[{"href":"https:\/\/www.paysdesecrins.com\/it\/wp-json\/wp\/v2\/posts"}],"about":[{"href":"https:\/\/www.paysdesecrins.com\/it\/wp-json\/wp\/v2\/types\/post"}],"author":[{"embeddable":true,"href":"https:\/\/www.paysdesecrins.com\/it\/wp-json\/wp\/v2\/users\/4"}],"replies":[{"embeddable":true,"href":"https:\/\/www.paysdesecrins.com\/it\/wp-json\/wp\/v2\/comments?post=46317"}],"version-history":[{"count":0,"href":"https:\/\/www.paysdesecrins.com\/it\/wp-json\/wp\/v2\/posts\/46317\/revisions"}],"wp:featuredmedia":[{"embeddable":true,"href":"https:\/\/www.paysdesecrins.com\/it\/wp-json\/wp\/v2\/media\/42583"}],"wp:attachment":[{"href":"https:\/\/www.paysdesecrins.com\/it\/wp-json\/wp\/v2\/media?parent=46317"}],"wp:term":[{"taxonomy":"article_category","embeddable":true,"href":"https:\/\/www.paysdesecrins.com\/it\/wp-json\/wp\/v2\/article_category?post=46317"}],"curies":[{"name":"wp","href":"https:\/\/api.w.org\/{rel}","templated":true}]}}