{"id":46577,"date":"2025-07-24T11:26:16","date_gmt":"2025-07-24T09:26:16","guid":{"rendered":"https:\/\/www.paysdesecrins.com\/una-fauna-e-una-flora-abbondanti-e-uniche\/"},"modified":"2025-08-07T09:28:29","modified_gmt":"2025-08-07T07:28:29","slug":"una-fauna-e-una-flora-abbondanti-e-uniche","status":"publish","type":"post","link":"https:\/\/www.paysdesecrins.com\/it\/una-fauna-e-una-flora-abbondanti-e-uniche\/","title":{"rendered":"Una fauna e una flora abbondanti e uniche"},"content":{"rendered":"    <div class=\"alignfull wp-block-ws-library-ws-header-interne\">\n\t    <div class=\"header-container\">\n\t        <div class=\"group-media has-image\">\n\t            \t                <img loading=\"lazy\" decoding=\"async\" width=\"1920\" height=\"800\" src=\"https:\/\/www.paysdesecrins.com\/wp-content\/uploads\/2025\/07\/vallon-de-la-selle-l-aup-martin-73-1920x800.jpg\" alt=\"\" class=\"image_large_square wp-image-41142\" \/>\n\t            \t        <\/div>\n\t        <div class=\"group-content\">\n\t            <div class=\"title\">\n\t                <h1>\n\t                    Una fauna e una flora abbondanti e uniche\t                    \t                <\/h1>\n\t            <\/div>\n\t        <\/div>\n\t    <\/div>\n\t    \n<div class=\"yoast-breadcrumbs\"><span><span><a href=\"https:\/\/www.paysdesecrins.com\/it\/il-titolo-della-casa\/\">Accueil<\/a><\/span>  <span class=\"breadcrumb_last\" aria-current=\"page\">Una fauna e una flora abbondanti e uniche<\/span><\/span><\/div>\n    <\/div>\n    \n<div class=\"wp-block-ws-library-ws-title aligncenter is-style-simple\"><h2><em>La terra degli \u00c9crins<\/em>Uno spazio autentico e preservato<\/h2><\/div>\n\n<p class=\"has-text-align-center\">Vieni a scoprire il <strong>Pays des \u00c9crins<\/strong>, un territorio <strong>selvaggio<\/strong> e preservato, ricco di <strong>una natura eccezionale<\/strong>. Dalle verdi vallate e pianure alle vette delle alte montagne pi\u00f9 innevate, vive un numero incalcolabile di specie animali e vegetali, dalle pi\u00f9 piccole alle pi\u00f9 maestose. <br\/>Grazie all&#8217;istituzione del <strong>Parco Nazionale<\/strong> sul nostro territorio, \u00e8 presente la massima protezione per preservare al meglio le sue diverse specie e fornire loro un ambiente di vita ottimale. Essendo a proprio agio nello sviluppo, e lontano dagli esseri umani, \u00e8 piuttosto facile <strong>osservarli<\/strong>.  <\/p>\n\n<div class=\"wp-block-ws-library-ws-video\"><div class=\"wrapper\"><div class=\"group-media\">\n<figure class=\"wp-block-embed is-type-video is-provider-youtube wp-block-embed-youtube\"><div class=\"wp-block-embed__wrapper\">\n<iframe loading=\"lazy\" title=\"Le Pays des \u00c9crins, destination nature par excellence - La Faune &amp; la Flore\" width=\"500\" height=\"281\" src=\"https:\/\/www.youtube.com\/embed\/28VHphM7B4Y?feature=oembed\" frameborder=\"0\" allow=\"accelerometer; autoplay; clipboard-write; encrypted-media; gyroscope; picture-in-picture; web-share\" referrerpolicy=\"strict-origin-when-cross-origin\" allowfullscreen><\/iframe>\n<\/div><\/figure>\n<\/div><\/div><\/div>\n\n<div style=\"height:51px\" aria-hidden=\"true\" class=\"wp-block-spacer\"><\/div>\n\n<div class=\"wp-block-ws-library-ws-title aligncenter is-style-default\"><h2>Flora<\/h2><\/div>\n\n<p class=\"has-text-align-center\">Crescono molte specie di <strong>fiori<\/strong> e <strong>alberi<\/strong> , alcuni dei quali specifici dell&#8217;ambiente montano e dell&#8217;altissima montagna. Durante le escursioni e le passeggiate, potrete osservare un gran numero di specie in un ambiente eccezionale. Dalla <strong>Regina delle Alpi<\/strong>, al <strong>G\u00e9n\u00e9pi<\/strong>, passando per i magnifici <strong>rododendri in fiore<\/strong> e i boschi di <strong>larici<\/strong>, si pu\u00f2 allo stesso tempo scoprire la fauna che vi si nasconde.  <\/p>\n\n<p>Nel parco ci sono molti fiori da scoprire. Alcune specie sono presenti ad <strong>altitudini molto elevate<\/strong> e per scoprire come riescono a vivere in un ambiente molto nevoso a <strong>livello alpino<\/strong>, bisogna venire a studiarle qui, negli <strong>\u00c9crins<\/strong> ! <\/p>\n\n<p class=\"has-text-align-center\">Gli alberi del Parco Nazionale degli \u00c9crins sono una risorsa. C&#8217;\u00e8 una grande <strong>diversit\u00e0<\/strong> e ciascuna delle specie pu\u00f2 essere molto diversa l&#8217;una dall&#8217;altra. Alcuni alberi possono rendere belle le valli in primavera. Ce ne sono altri che sono profumati e molto interessanti da studiare.   <\/p>\n\n<div class=\"wp-block-ws-library-ws-slider alignfull\"><div class=\"splide\" data-splide=\"{\"type\":\"slide\",\"heightRatio\":\"auto\",\"perPage\":4,\"perMove\":1,\"drag\":true,\"pagination\":0,\"autoplay\":false,\"gap\":\"2px\",\"breakpoints\":{\"450\":{\"perPage\":1},\"768\":{\"perPage\":2},\"992\":{\"perPage\":3},\"1200\":{\"perPage\":4}}}\"><div class=\"splide__track\"><div class=\"splide__list\"><div class=\"splide__slide\"><a href=\"https:\/\/www.paysdesecrins.com\/wp-content\/uploads\/2025\/07\/13pne-paysages-pre-de-mme-carle-4-scaled.jpg\" data-glightbox=\"true\" class=\"lightbox-trigger\"><img decoding=\"async\" src=\"https:\/\/www.paysdesecrins.com\/wp-content\/uploads\/2025\/07\/13pne-paysages-pre-de-mme-carle-4-400x400.jpg\" alt=\"\"><\/a><\/div><div class=\"splide__slide\"><a href=\"https:\/\/www.paysdesecrins.com\/wp-content\/uploads\/2025\/07\/13parcnational-clapouse24-22-scaled.jpg\" data-glightbox=\"true\" class=\"lightbox-trigger\"><img decoding=\"async\" src=\"https:\/\/www.paysdesecrins.com\/wp-content\/uploads\/2025\/07\/13parcnational-clapouse24-22-400x400.jpg\" alt=\"\"><\/a><\/div><div class=\"splide__slide\"><a href=\"https:\/\/www.paysdesecrins.com\/wp-content\/uploads\/2025\/07\/13parcnational-melezin-ambiance-au-vallon-de-narreyroux-11-1-scaled.jpg\" data-glightbox=\"true\" class=\"lightbox-trigger\"><img decoding=\"async\" src=\"https:\/\/www.paysdesecrins.com\/wp-content\/uploads\/2025\/07\/13parcnational-melezin-ambiance-au-vallon-de-narreyroux-11-1-400x400.jpg\" alt=\"\"><\/a><\/div><div class=\"splide__slide\"><a href=\"https:\/\/www.paysdesecrins.com\/wp-content\/uploads\/2025\/07\/1608201002-999879928-400x400.jpg\" data-glightbox=\"true\" class=\"lightbox-trigger\"><img decoding=\"async\" src=\"https:\/\/www.paysdesecrins.com\/wp-content\/uploads\/2025\/07\/1608201002-999879928-400x400.jpg\" alt=\"\"><\/a><\/div><div class=\"splide__slide\"><a href=\"https:\/\/www.paysdesecrins.com\/wp-content\/uploads\/2025\/07\/1608201002-1001323346-400x400.jpg\" data-glightbox=\"true\" class=\"lightbox-trigger\"><img decoding=\"async\" src=\"https:\/\/www.paysdesecrins.com\/wp-content\/uploads\/2025\/07\/1608201002-1001323346-400x400.jpg\" alt=\"\"><\/a><\/div><div class=\"splide__slide\"><a href=\"https:\/\/www.paysdesecrins.com\/wp-content\/uploads\/2025\/07\/1608201002-1555257093-400x400.jpg\" data-glightbox=\"true\" class=\"lightbox-trigger\"><img decoding=\"async\" src=\"https:\/\/www.paysdesecrins.com\/wp-content\/uploads\/2025\/07\/1608201002-1555257093-400x400.jpg\" alt=\"\"><\/a><\/div><div class=\"splide__slide\"><a href=\"https:\/\/www.paysdesecrins.com\/wp-content\/uploads\/2025\/07\/13parcnationalailfroiden-7-scaled.jpg\" data-glightbox=\"true\" class=\"lightbox-trigger\"><img decoding=\"async\" src=\"https:\/\/www.paysdesecrins.com\/wp-content\/uploads\/2025\/07\/13parcnationalailfroiden-7-400x400.jpg\" alt=\"\"><\/a><\/div><div class=\"splide__slide\"><a href=\"https:\/\/www.paysdesecrins.com\/wp-content\/uploads\/2025\/07\/13parcnational-ailefroide-rogiervanrijn-dsc02931-2-scaled.jpg\" data-glightbox=\"true\" class=\"lightbox-trigger\"><img decoding=\"async\" src=\"https:\/\/www.paysdesecrins.com\/wp-content\/uploads\/2025\/07\/13parcnational-ailefroide-rogiervanrijn-dsc02931-2-400x400.jpg\" alt=\"\"><\/a><\/div><\/div><\/div><\/div><\/div>\n\n<div class=\"wp-block-ws-library-ws-title aligncenter is-style-default\"><h2>Invertebrati<\/h2><\/div>\n\n<p class=\"has-text-align-center\">Una variet\u00e0 di fauna \u00e8 nascosta (o mostrata) nelle nostre montagne. <strong>Gli invertebrati<\/strong>, tra cui alcune <strong>specie rare<\/strong> (l&#8217;Isabella, le Cordulie Alpestre, ecc.) vivono nelle valli degli \u00c9crins.   <\/p>\n\n<p class=\"has-text-align-center\">Sono ovunque, nei nostri alpeggi, nelle nostre montagne. Ma questo non significa che ce ne siano molti. Queste specie devono essere protette e la loro cattura \u00e8 vietata. A nessuno piace stare in cattivit\u00e0, <strong>gli invertebrati<\/strong> ancora meno! Se vi imbattete nella magnifica farfalla <strong>Isabelle<\/strong> con le sue ali che ricordano le vetrate, siete molto fortunati! Le valli degli \u00c9crins offrono una grande possibilit\u00e0 <strong>di studi tematici<\/strong> intorno a molte specie <strong>rare<\/strong> !     <\/p>\n\n<div class=\"wp-block-ws-library-ws-slider alignfull\"><div class=\"splide\" data-splide=\"{\"type\":\"slide\",\"heightRatio\":\"auto\",\"perPage\":4,\"perMove\":1,\"drag\":true,\"pagination\":0,\"autoplay\":false,\"gap\":\"2px\",\"breakpoints\":{\"450\":{\"perPage\":1},\"768\":{\"perPage\":2},\"992\":{\"perPage\":3},\"1200\":{\"perPage\":4}}}\"><div class=\"splide__track\"><div class=\"splide__list\"><div class=\"splide__slide\"><a href=\"https:\/\/www.paysdesecrins.com\/wp-content\/uploads\/2025\/07\/1608201002-238069503-400x400.jpg\" data-glightbox=\"true\" class=\"lightbox-trigger\"><img decoding=\"async\" src=\"https:\/\/www.paysdesecrins.com\/wp-content\/uploads\/2025\/07\/1608201002-238069503-400x400.jpg\" alt=\"\"><\/a><\/div><div class=\"splide__slide\"><a href=\"https:\/\/www.paysdesecrins.com\/wp-content\/uploads\/2025\/07\/1608201002-842293752-400x400.jpg\" data-glightbox=\"true\" class=\"lightbox-trigger\"><img decoding=\"async\" src=\"https:\/\/www.paysdesecrins.com\/wp-content\/uploads\/2025\/07\/1608201002-842293752-400x400.jpg\" alt=\"\"><\/a><\/div><div class=\"splide__slide\"><a href=\"https:\/\/www.paysdesecrins.com\/wp-content\/uploads\/2025\/07\/1608201002-2011238315-400x400.jpg\" data-glightbox=\"true\" class=\"lightbox-trigger\"><img decoding=\"async\" src=\"https:\/\/www.paysdesecrins.com\/wp-content\/uploads\/2025\/07\/1608201002-2011238315-400x400.jpg\" alt=\"\"><\/a><\/div><\/div><\/div><\/div><\/div>\n\n<div class=\"wp-block-ws-library-ws-title aligncenter is-style-default\"><h2>Anfibi e rettili<\/h2><\/div>\n\n<p class=\"has-text-align-center\">Gli <strong>anfibi e i rettili<\/strong> che vivono nel nostro territorio sono rari e specifici del nostro ambiente. L&#8217;ambiente montano e meridionale permette a queste specie di vivere sul nostro territorio.   <\/p>\n\n<p class=\"has-text-align-center\">Gli anfibi e i rettili possiedono bellissimi colori vivaci e talvolta un&#8217;arma formidabile. Nel Pays des \u00c9crins c&#8217;\u00e8 la <strong>tossicit\u00e0<\/strong> del ringer che gli \u00e8 valso il titolo di uno degli <strong>anfibi<\/strong> pi\u00f9 tossici di Francia! L&#8217;ideale sarebbe confrontare i diversi stili di vita tra alcuni rospi o rane alpine, ad esempio.  <\/p>\n\n<div class=\"wp-block-ws-library-ws-slider alignfull\"><div class=\"splide\" data-splide=\"{\"type\":\"slide\",\"heightRatio\":\"auto\",\"perPage\":4,\"perMove\":1,\"drag\":true,\"pagination\":0,\"autoplay\":false,\"gap\":\"2px\",\"breakpoints\":{\"450\":{\"perPage\":1},\"768\":{\"perPage\":2},\"992\":{\"perPage\":3},\"1200\":{\"perPage\":4}}}\"><div class=\"splide__track\"><div class=\"splide__list\"><div class=\"splide__slide\"><a href=\"https:\/\/www.paysdesecrins.com\/wp-content\/uploads\/2025\/07\/1608201002-1159962411-400x400.jpg\" data-glightbox=\"true\" class=\"lightbox-trigger\"><img decoding=\"async\" src=\"https:\/\/www.paysdesecrins.com\/wp-content\/uploads\/2025\/07\/1608201002-1159962411-400x400.jpg\" alt=\"\"><\/a><\/div><div class=\"splide__slide\"><a href=\"https:\/\/www.paysdesecrins.com\/wp-content\/uploads\/2025\/07\/1608201002-1193450682-400x400.jpg\" data-glightbox=\"true\" class=\"lightbox-trigger\"><img decoding=\"async\" src=\"https:\/\/www.paysdesecrins.com\/wp-content\/uploads\/2025\/07\/1608201002-1193450682-400x400.jpg\" alt=\"\"><\/a><\/div><div class=\"splide__slide\"><a href=\"https:\/\/www.paysdesecrins.com\/wp-content\/uploads\/2025\/07\/1608201002-2143827894-400x400.jpg\" data-glightbox=\"true\" class=\"lightbox-trigger\"><img decoding=\"async\" src=\"https:\/\/www.paysdesecrins.com\/wp-content\/uploads\/2025\/07\/1608201002-2143827894-400x400.jpg\" alt=\"\"><\/a><\/div><\/div><\/div><\/div><\/div>\n\n<div class=\"wp-block-ws-library-ws-title aligncenter is-style-default\"><h2>Mammiferi<\/h2><\/div>\n\n<p class=\"has-text-align-center\">Nel parco \u00e8 possibile imbattersi anche in <strong>mammiferi in via di estinzione ma protetti<\/strong> . Non avrete problemi ad avvicinarvi alla <strong>marmotta<\/strong>, alla <strong>lepre di montagna<\/strong> , al <strong>camoscio<\/strong>. Per i pi\u00f9 avventurosi, scoprirete il <strong>lupo<\/strong>.    <\/p>\n\n<div class=\"wp-block-ws-library-ws-slider alignfull\"><div class=\"splide\" data-splide=\"{\"type\":\"slide\",\"heightRatio\":\"auto\",\"perPage\":4,\"perMove\":1,\"drag\":true,\"pagination\":0,\"autoplay\":false,\"gap\":\"2px\",\"breakpoints\":{\"450\":{\"perPage\":1},\"768\":{\"perPage\":2},\"992\":{\"perPage\":3},\"1200\":{\"perPage\":4}}}\"><div class=\"splide__track\"><div class=\"splide__list\"><div class=\"splide__slide\"><a href=\"https:\/\/www.paysdesecrins.com\/wp-content\/uploads\/2025\/07\/131pne-glacierblanc-thibautblais-refuge-du-glacier-blanc-et-4-scaled.jpg\" data-glightbox=\"true\" class=\"lightbox-trigger\"><img decoding=\"async\" src=\"https:\/\/www.paysdesecrins.com\/wp-content\/uploads\/2025\/07\/131pne-glacierblanc-thibautblais-refuge-du-glacier-blanc-et-4-400x400.jpg\" alt=\"\"><\/a><\/div><div class=\"splide__slide\"><a href=\"https:\/\/www.paysdesecrins.com\/wp-content\/uploads\/2025\/07\/131pne-vallon-de-celse-niere-chamois-et-paysages-44-scaled.jpg\" data-glightbox=\"true\" class=\"lightbox-trigger\"><img decoding=\"async\" src=\"https:\/\/www.paysdesecrins.com\/wp-content\/uploads\/2025\/07\/131pne-vallon-de-celse-niere-chamois-et-paysages-44-400x400.jpg\" alt=\"\"><\/a><\/div><div class=\"splide__slide\"><a href=\"https:\/\/www.paysdesecrins.com\/wp-content\/uploads\/2025\/07\/131pne-chamois-pre-de-mme-carlethibautblais-scaled.jpg\" data-glightbox=\"true\" class=\"lightbox-trigger\"><img decoding=\"async\" src=\"https:\/\/www.paysdesecrins.com\/wp-content\/uploads\/2025\/07\/131pne-chamois-pre-de-mme-carlethibautblais-400x400.jpg\" alt=\"\"><\/a><\/div><div class=\"splide__slide\"><a href=\"https:\/\/www.paysdesecrins.com\/wp-content\/uploads\/2025\/07\/131pne-ecureuil-pousterle-scaled.jpg\" data-glightbox=\"true\" class=\"lightbox-trigger\"><img decoding=\"async\" src=\"https:\/\/www.paysdesecrins.com\/wp-content\/uploads\/2025\/07\/131pne-ecureuil-pousterle-400x400.jpg\" alt=\"\"><\/a><\/div><div class=\"splide__slide\"><a href=\"https:\/\/www.paysdesecrins.com\/wp-content\/uploads\/2025\/07\/1608201002-108251617-400x400.jpg\" data-glightbox=\"true\" class=\"lightbox-trigger\"><img decoding=\"async\" src=\"https:\/\/www.paysdesecrins.com\/wp-content\/uploads\/2025\/07\/1608201002-108251617-400x400.jpg\" alt=\"\"><\/a><\/div><\/div><\/div><\/div><\/div>\n\n<div class=\"wp-block-ws-library-ws-title aligncenter is-style-default\"><h2>Uccelli<\/h2><\/div>\n\n<p class=\"has-text-align-center\">La montagna \u00e8 il luogo dove vivono i <strong>grandi rapaci di<\/strong> questo mondo, ma anche gli <strong>uccelli<\/strong> pi\u00f9 piccoli, che sono sorprendenti e affascinanti da <strong>osservare<\/strong>.  <\/p>\n\n<p class=\"has-text-align-center\">C&#8217;\u00e8 un interesse <strong>educativo<\/strong> a venire a studiare la diversit\u00e0 della fauna e della flora alpina <strong>della Vallouise<\/strong>. Professionisti e dilettanti che vengono al Parc des \u00c9crins provengono da <strong>tutta Europa<\/strong>. La loro gita \u00e8 attentamente pianificata e generalmente ruota attorno a determinati temi o specie specifiche. Per le loro osservazioni e ricerche, il nostro Parco \u00e8 davvero interessante, se ne vanno felici e sperano di tornare per nuove scoperte.   <\/p>\n\n<div class=\"wp-block-ws-library-ws-slider alignfull\"><div class=\"splide\" data-splide=\"{\"type\":\"slide\",\"heightRatio\":\"auto\",\"perPage\":4,\"perMove\":1,\"drag\":true,\"pagination\":0,\"autoplay\":false,\"gap\":\"2px\",\"breakpoints\":{\"450\":{\"perPage\":1},\"768\":{\"perPage\":2},\"992\":{\"perPage\":3},\"1200\":{\"perPage\":4}}}\"><div class=\"splide__track\"><div class=\"splide__list\"><div class=\"splide__slide\"><a href=\"https:\/\/www.paysdesecrins.com\/wp-content\/uploads\/2025\/07\/1608201002-2126221476-400x400.jpg\" data-glightbox=\"true\" class=\"lightbox-trigger\"><img decoding=\"async\" src=\"https:\/\/www.paysdesecrins.com\/wp-content\/uploads\/2025\/07\/1608201002-2126221476-400x400.jpg\" alt=\"\"><\/a><\/div><div class=\"splide__slide\"><a href=\"https:\/\/www.paysdesecrins.com\/wp-content\/uploads\/2025\/07\/1608201002-1937766116-400x400.jpg\" data-glightbox=\"true\" class=\"lightbox-trigger\"><img decoding=\"async\" src=\"https:\/\/www.paysdesecrins.com\/wp-content\/uploads\/2025\/07\/1608201002-1937766116-400x400.jpg\" alt=\"\"><\/a><\/div><div class=\"splide__slide\"><a href=\"https:\/\/www.paysdesecrins.com\/wp-content\/uploads\/2025\/07\/1608201002-1423185218-400x400.jpg\" data-glightbox=\"true\" class=\"lightbox-trigger\"><img decoding=\"async\" src=\"https:\/\/www.paysdesecrins.com\/wp-content\/uploads\/2025\/07\/1608201002-1423185218-400x400.jpg\" alt=\"\"><\/a><\/div><\/div><\/div><\/div><\/div>\n\n<p>Se avete bisogno di supporto, vi consigliamo di rivolgervi alle guide alpine che sapranno fornirvi la loro conoscenza dell&#8217;ambiente. Non esitate a contattarli per ulteriori informazioni. <\/p>\n\n<div class=\"wp-block-ws-library-ws-share\"><span class=\"share-subtitle\">Ti \u00e8 piaciuta questa pagina?<\/span><span class=\"share-title\">Condividilo!<\/span><button class=\"ws-share-button wp-element-button\">Condividi questa pagina<\/button><\/div>\n","protected":false},"excerpt":{"rendered":"<p>Vieni a scoprire il Pays des \u00c9crins, un territorio selvaggio e preservato, ricco di una natura eccezionale. Dalle verdi vallate [&hellip;]<\/p>\n","protected":false},"author":4,"featured_media":41151,"comment_status":"closed","ping_status":"closed","sticky":false,"template":"","format":"standard","meta":{"_thumbnail_id_2":0,"summer_excerpt":"","season":"","station":"","footnotes":""},"article_category":[],"class_list":["post-46577","post","type-post","status-publish","format-standard","has-post-thumbnail","hentry"],"yoast_head":"<!-- This site is optimized with the Yoast SEO plugin v27.3 - https:\/\/yoast.com\/product\/yoast-seo-wordpress\/ -->\n<title>Una fauna e una flora abbondanti e uniche - Pays des \u00c9crins - Office de Tourisme<\/title>\n<meta name=\"robots\" content=\"index, follow, max-snippet:-1, max-image-preview:large, max-video-preview:-1\" \/>\n<link rel=\"canonical\" href=\"https:\/\/www.paysdesecrins.com\/it\/una-fauna-e-una-flora-abbondanti-e-uniche\/\" \/>\n<meta property=\"og:locale\" content=\"it_IT\" \/>\n<meta property=\"og:type\" content=\"article\" \/>\n<meta property=\"og:title\" content=\"Una fauna e una flora abbondanti e uniche - Pays des \u00c9crins - Office de Tourisme\" \/>\n<meta property=\"og:description\" content=\"Vieni a scoprire il Pays des \u00c9crins, un territorio selvaggio e preservato, ricco di una natura eccezionale. Dalle verdi vallate [&hellip;]\" \/>\n<meta property=\"og:url\" content=\"https:\/\/www.paysdesecrins.com\/it\/una-fauna-e-una-flora-abbondanti-e-uniche\/\" \/>\n<meta property=\"og:site_name\" content=\"Pays des \u00c9crins - Office de Tourisme\" \/>\n<meta property=\"article:published_time\" content=\"2025-07-24T09:26:16+00:00\" \/>\n<meta property=\"article:modified_time\" content=\"2025-08-07T07:28:29+00:00\" \/>\n<meta property=\"og:image\" content=\"https:\/\/www.paysdesecrins.com\/wp-content\/uploads\/2025\/07\/vallon-de-la-selle-l-aup-martin-73-1-scaled.jpg\" \/>\n\t<meta property=\"og:image:width\" content=\"2560\" \/>\n\t<meta property=\"og:image:height\" content=\"1707\" \/>\n\t<meta property=\"og:image:type\" content=\"image\/jpeg\" \/>\n<meta name=\"author\" content=\"Juliette BISIAUX\" \/>\n<meta name=\"twitter:card\" content=\"summary_large_image\" \/>\n<meta name=\"twitter:label1\" content=\"Scritto da\" \/>\n\t<meta name=\"twitter:data1\" content=\"Juliette BISIAUX\" \/>\n\t<meta name=\"twitter:label2\" content=\"Tempo di lettura stimato\" \/>\n\t<meta name=\"twitter:data2\" content=\"3 minuti\" \/>\n<script type=\"application\/ld+json\" class=\"yoast-schema-graph\">{\"@context\":\"https:\\\/\\\/schema.org\",\"@graph\":[{\"@type\":\"Article\",\"@id\":\"https:\\\/\\\/www.paysdesecrins.com\\\/it\\\/una-fauna-e-una-flora-abbondanti-e-uniche\\\/#article\",\"isPartOf\":{\"@id\":\"https:\\\/\\\/www.paysdesecrins.com\\\/it\\\/una-fauna-e-una-flora-abbondanti-e-uniche\\\/\"},\"author\":{\"name\":\"Juliette BISIAUX\",\"@id\":\"https:\\\/\\\/www.paysdesecrins.com\\\/it\\\/#\\\/schema\\\/person\\\/91b38c6fd482bbb5d636526af3c9c44c\"},\"headline\":\"Una fauna e una flora abbondanti e uniche\",\"datePublished\":\"2025-07-24T09:26:16+00:00\",\"dateModified\":\"2025-08-07T07:28:29+00:00\",\"mainEntityOfPage\":{\"@id\":\"https:\\\/\\\/www.paysdesecrins.com\\\/it\\\/una-fauna-e-una-flora-abbondanti-e-uniche\\\/\"},\"wordCount\":620,\"publisher\":{\"@id\":\"https:\\\/\\\/www.paysdesecrins.com\\\/it\\\/#organization\"},\"image\":{\"@id\":\"https:\\\/\\\/www.paysdesecrins.com\\\/it\\\/una-fauna-e-una-flora-abbondanti-e-uniche\\\/#primaryimage\"},\"thumbnailUrl\":\"https:\\\/\\\/www.paysdesecrins.com\\\/wp-content\\\/uploads\\\/2025\\\/07\\\/vallon-de-la-selle-l-aup-martin-73-1-scaled.jpg\",\"inLanguage\":\"it-IT\"},{\"@type\":\"WebPage\",\"@id\":\"https:\\\/\\\/www.paysdesecrins.com\\\/it\\\/una-fauna-e-una-flora-abbondanti-e-uniche\\\/\",\"url\":\"https:\\\/\\\/www.paysdesecrins.com\\\/it\\\/una-fauna-e-una-flora-abbondanti-e-uniche\\\/\",\"name\":\"Una fauna e una flora abbondanti e uniche - Pays des \u00c9crins - Office de Tourisme\",\"isPartOf\":{\"@id\":\"https:\\\/\\\/www.paysdesecrins.com\\\/it\\\/#website\"},\"primaryImageOfPage\":{\"@id\":\"https:\\\/\\\/www.paysdesecrins.com\\\/it\\\/una-fauna-e-una-flora-abbondanti-e-uniche\\\/#primaryimage\"},\"image\":{\"@id\":\"https:\\\/\\\/www.paysdesecrins.com\\\/it\\\/una-fauna-e-una-flora-abbondanti-e-uniche\\\/#primaryimage\"},\"thumbnailUrl\":\"https:\\\/\\\/www.paysdesecrins.com\\\/wp-content\\\/uploads\\\/2025\\\/07\\\/vallon-de-la-selle-l-aup-martin-73-1-scaled.jpg\",\"datePublished\":\"2025-07-24T09:26:16+00:00\",\"dateModified\":\"2025-08-07T07:28:29+00:00\",\"breadcrumb\":{\"@id\":\"https:\\\/\\\/www.paysdesecrins.com\\\/it\\\/una-fauna-e-una-flora-abbondanti-e-uniche\\\/#breadcrumb\"},\"inLanguage\":\"it-IT\",\"potentialAction\":[{\"@type\":\"ReadAction\",\"target\":[\"https:\\\/\\\/www.paysdesecrins.com\\\/it\\\/una-fauna-e-una-flora-abbondanti-e-uniche\\\/\"]}]},{\"@type\":\"ImageObject\",\"inLanguage\":\"it-IT\",\"@id\":\"https:\\\/\\\/www.paysdesecrins.com\\\/it\\\/una-fauna-e-una-flora-abbondanti-e-uniche\\\/#primaryimage\",\"url\":\"https:\\\/\\\/www.paysdesecrins.com\\\/wp-content\\\/uploads\\\/2025\\\/07\\\/vallon-de-la-selle-l-aup-martin-73-1-scaled.jpg\",\"contentUrl\":\"https:\\\/\\\/www.paysdesecrins.com\\\/wp-content\\\/uploads\\\/2025\\\/07\\\/vallon-de-la-selle-l-aup-martin-73-1-scaled.jpg\",\"width\":2560,\"height\":1707},{\"@type\":\"BreadcrumbList\",\"@id\":\"https:\\\/\\\/www.paysdesecrins.com\\\/it\\\/una-fauna-e-una-flora-abbondanti-e-uniche\\\/#breadcrumb\",\"itemListElement\":[{\"@type\":\"ListItem\",\"position\":1,\"name\":\"Accueil\",\"item\":\"https:\\\/\\\/www.paysdesecrins.com\\\/it\\\/il-titolo-della-casa\\\/\"},{\"@type\":\"ListItem\",\"position\":2,\"name\":\"Una fauna e una flora abbondanti e uniche\"}]},{\"@type\":\"WebSite\",\"@id\":\"https:\\\/\\\/www.paysdesecrins.com\\\/it\\\/#website\",\"url\":\"https:\\\/\\\/www.paysdesecrins.com\\\/it\\\/\",\"name\":\"Pays des \u00c9crins - Office de Tourisme\",\"description\":\"L&#039;esprit montagne\",\"publisher\":{\"@id\":\"https:\\\/\\\/www.paysdesecrins.com\\\/it\\\/#organization\"},\"potentialAction\":[{\"@type\":\"SearchAction\",\"target\":{\"@type\":\"EntryPoint\",\"urlTemplate\":\"https:\\\/\\\/www.paysdesecrins.com\\\/it\\\/?s={search_term_string}\"},\"query-input\":{\"@type\":\"PropertyValueSpecification\",\"valueRequired\":true,\"valueName\":\"search_term_string\"}}],\"inLanguage\":\"it-IT\"},{\"@type\":\"Organization\",\"@id\":\"https:\\\/\\\/www.paysdesecrins.com\\\/it\\\/#organization\",\"name\":\"Pays des \u00c9crins - Office de Tourisme\",\"url\":\"https:\\\/\\\/www.paysdesecrins.com\\\/it\\\/\",\"logo\":{\"@type\":\"ImageObject\",\"inLanguage\":\"it-IT\",\"@id\":\"https:\\\/\\\/www.paysdesecrins.com\\\/it\\\/#\\\/schema\\\/logo\\\/image\\\/\",\"url\":\"https:\\\/\\\/www.paysdesecrins.com\\\/wp-content\\\/uploads\\\/2025\\\/06\\\/devina-svg-1750845694.svg\",\"contentUrl\":\"https:\\\/\\\/www.paysdesecrins.com\\\/wp-content\\\/uploads\\\/2025\\\/06\\\/devina-svg-1750845694.svg\",\"caption\":\"Pays des \u00c9crins - Office de Tourisme\"},\"image\":{\"@id\":\"https:\\\/\\\/www.paysdesecrins.com\\\/it\\\/#\\\/schema\\\/logo\\\/image\\\/\"}},{\"@type\":\"Person\",\"@id\":\"https:\\\/\\\/www.paysdesecrins.com\\\/it\\\/#\\\/schema\\\/person\\\/91b38c6fd482bbb5d636526af3c9c44c\",\"name\":\"Juliette BISIAUX\",\"url\":\"https:\\\/\\\/www.paysdesecrins.com\\\/it\\\/author\\\/juliette\\\/\"}]}<\/script>\n<!-- \/ Yoast SEO plugin. -->","yoast_head_json":{"title":"Una fauna e una flora abbondanti e uniche - Pays des \u00c9crins - Office de Tourisme","robots":{"index":"index","follow":"follow","max-snippet":"max-snippet:-1","max-image-preview":"max-image-preview:large","max-video-preview":"max-video-preview:-1"},"canonical":"https:\/\/www.paysdesecrins.com\/it\/una-fauna-e-una-flora-abbondanti-e-uniche\/","og_locale":"it_IT","og_type":"article","og_title":"Una fauna e una flora abbondanti e uniche - Pays des \u00c9crins - Office de Tourisme","og_description":"Vieni a scoprire il Pays des \u00c9crins, un territorio selvaggio e preservato, ricco di una natura eccezionale. Dalle verdi vallate [&hellip;]","og_url":"https:\/\/www.paysdesecrins.com\/it\/una-fauna-e-una-flora-abbondanti-e-uniche\/","og_site_name":"Pays des \u00c9crins - Office de Tourisme","article_published_time":"2025-07-24T09:26:16+00:00","article_modified_time":"2025-08-07T07:28:29+00:00","og_image":[{"width":2560,"height":1707,"url":"https:\/\/www.paysdesecrins.com\/wp-content\/uploads\/2025\/07\/vallon-de-la-selle-l-aup-martin-73-1-scaled.jpg","type":"image\/jpeg"}],"author":"Juliette BISIAUX","twitter_card":"summary_large_image","twitter_misc":{"Scritto da":"Juliette BISIAUX","Tempo di lettura stimato":"3 minuti"},"schema":{"@context":"https:\/\/schema.org","@graph":[{"@type":"Article","@id":"https:\/\/www.paysdesecrins.com\/it\/una-fauna-e-una-flora-abbondanti-e-uniche\/#article","isPartOf":{"@id":"https:\/\/www.paysdesecrins.com\/it\/una-fauna-e-una-flora-abbondanti-e-uniche\/"},"author":{"name":"Juliette BISIAUX","@id":"https:\/\/www.paysdesecrins.com\/it\/#\/schema\/person\/91b38c6fd482bbb5d636526af3c9c44c"},"headline":"Una fauna e una flora abbondanti e uniche","datePublished":"2025-07-24T09:26:16+00:00","dateModified":"2025-08-07T07:28:29+00:00","mainEntityOfPage":{"@id":"https:\/\/www.paysdesecrins.com\/it\/una-fauna-e-una-flora-abbondanti-e-uniche\/"},"wordCount":620,"publisher":{"@id":"https:\/\/www.paysdesecrins.com\/it\/#organization"},"image":{"@id":"https:\/\/www.paysdesecrins.com\/it\/una-fauna-e-una-flora-abbondanti-e-uniche\/#primaryimage"},"thumbnailUrl":"https:\/\/www.paysdesecrins.com\/wp-content\/uploads\/2025\/07\/vallon-de-la-selle-l-aup-martin-73-1-scaled.jpg","inLanguage":"it-IT"},{"@type":"WebPage","@id":"https:\/\/www.paysdesecrins.com\/it\/una-fauna-e-una-flora-abbondanti-e-uniche\/","url":"https:\/\/www.paysdesecrins.com\/it\/una-fauna-e-una-flora-abbondanti-e-uniche\/","name":"Una fauna e una flora abbondanti e uniche - Pays des \u00c9crins - Office de Tourisme","isPartOf":{"@id":"https:\/\/www.paysdesecrins.com\/it\/#website"},"primaryImageOfPage":{"@id":"https:\/\/www.paysdesecrins.com\/it\/una-fauna-e-una-flora-abbondanti-e-uniche\/#primaryimage"},"image":{"@id":"https:\/\/www.paysdesecrins.com\/it\/una-fauna-e-una-flora-abbondanti-e-uniche\/#primaryimage"},"thumbnailUrl":"https:\/\/www.paysdesecrins.com\/wp-content\/uploads\/2025\/07\/vallon-de-la-selle-l-aup-martin-73-1-scaled.jpg","datePublished":"2025-07-24T09:26:16+00:00","dateModified":"2025-08-07T07:28:29+00:00","breadcrumb":{"@id":"https:\/\/www.paysdesecrins.com\/it\/una-fauna-e-una-flora-abbondanti-e-uniche\/#breadcrumb"},"inLanguage":"it-IT","potentialAction":[{"@type":"ReadAction","target":["https:\/\/www.paysdesecrins.com\/it\/una-fauna-e-una-flora-abbondanti-e-uniche\/"]}]},{"@type":"ImageObject","inLanguage":"it-IT","@id":"https:\/\/www.paysdesecrins.com\/it\/una-fauna-e-una-flora-abbondanti-e-uniche\/#primaryimage","url":"https:\/\/www.paysdesecrins.com\/wp-content\/uploads\/2025\/07\/vallon-de-la-selle-l-aup-martin-73-1-scaled.jpg","contentUrl":"https:\/\/www.paysdesecrins.com\/wp-content\/uploads\/2025\/07\/vallon-de-la-selle-l-aup-martin-73-1-scaled.jpg","width":2560,"height":1707},{"@type":"BreadcrumbList","@id":"https:\/\/www.paysdesecrins.com\/it\/una-fauna-e-una-flora-abbondanti-e-uniche\/#breadcrumb","itemListElement":[{"@type":"ListItem","position":1,"name":"Accueil","item":"https:\/\/www.paysdesecrins.com\/it\/il-titolo-della-casa\/"},{"@type":"ListItem","position":2,"name":"Una fauna e una flora abbondanti e uniche"}]},{"@type":"WebSite","@id":"https:\/\/www.paysdesecrins.com\/it\/#website","url":"https:\/\/www.paysdesecrins.com\/it\/","name":"Pays des \u00c9crins - Office de Tourisme","description":"L&#039;esprit montagne","publisher":{"@id":"https:\/\/www.paysdesecrins.com\/it\/#organization"},"potentialAction":[{"@type":"SearchAction","target":{"@type":"EntryPoint","urlTemplate":"https:\/\/www.paysdesecrins.com\/it\/?s={search_term_string}"},"query-input":{"@type":"PropertyValueSpecification","valueRequired":true,"valueName":"search_term_string"}}],"inLanguage":"it-IT"},{"@type":"Organization","@id":"https:\/\/www.paysdesecrins.com\/it\/#organization","name":"Pays des \u00c9crins - Office de Tourisme","url":"https:\/\/www.paysdesecrins.com\/it\/","logo":{"@type":"ImageObject","inLanguage":"it-IT","@id":"https:\/\/www.paysdesecrins.com\/it\/#\/schema\/logo\/image\/","url":"https:\/\/www.paysdesecrins.com\/wp-content\/uploads\/2025\/06\/devina-svg-1750845694.svg","contentUrl":"https:\/\/www.paysdesecrins.com\/wp-content\/uploads\/2025\/06\/devina-svg-1750845694.svg","caption":"Pays des \u00c9crins - Office de Tourisme"},"image":{"@id":"https:\/\/www.paysdesecrins.com\/it\/#\/schema\/logo\/image\/"}},{"@type":"Person","@id":"https:\/\/www.paysdesecrins.com\/it\/#\/schema\/person\/91b38c6fd482bbb5d636526af3c9c44c","name":"Juliette BISIAUX","url":"https:\/\/www.paysdesecrins.com\/it\/author\/juliette\/"}]}},"_links":{"self":[{"href":"https:\/\/www.paysdesecrins.com\/it\/wp-json\/wp\/v2\/posts\/46577","targetHints":{"allow":["GET"]}}],"collection":[{"href":"https:\/\/www.paysdesecrins.com\/it\/wp-json\/wp\/v2\/posts"}],"about":[{"href":"https:\/\/www.paysdesecrins.com\/it\/wp-json\/wp\/v2\/types\/post"}],"author":[{"embeddable":true,"href":"https:\/\/www.paysdesecrins.com\/it\/wp-json\/wp\/v2\/users\/4"}],"replies":[{"embeddable":true,"href":"https:\/\/www.paysdesecrins.com\/it\/wp-json\/wp\/v2\/comments?post=46577"}],"version-history":[{"count":0,"href":"https:\/\/www.paysdesecrins.com\/it\/wp-json\/wp\/v2\/posts\/46577\/revisions"}],"wp:featuredmedia":[{"embeddable":true,"href":"https:\/\/www.paysdesecrins.com\/it\/wp-json\/wp\/v2\/media\/41151"}],"wp:attachment":[{"href":"https:\/\/www.paysdesecrins.com\/it\/wp-json\/wp\/v2\/media?parent=46577"}],"wp:term":[{"taxonomy":"article_category","embeddable":true,"href":"https:\/\/www.paysdesecrins.com\/it\/wp-json\/wp\/v2\/article_category?post=46577"}],"curies":[{"name":"wp","href":"https:\/\/api.w.org\/{rel}","templated":true}]}}