{"id":46586,"date":"2025-07-24T11:18:11","date_gmt":"2025-07-24T09:18:11","guid":{"rendered":"https:\/\/www.paysdesecrins.com\/i-10-migliori-percorsi-per-mountain-bike-in-alta-montagna\/"},"modified":"2025-08-07T09:33:51","modified_gmt":"2025-08-07T07:33:51","slug":"i-10-migliori-percorsi-per-mountain-bike-in-alta-montagna","status":"publish","type":"post","link":"https:\/\/www.paysdesecrins.com\/it\/i-10-migliori-percorsi-per-mountain-bike-in-alta-montagna\/","title":{"rendered":"I 10 migliori percorsi per mountain bike in alta montagna"},"content":{"rendered":"    <div class=\"alignfull wp-block-ws-library-ws-header-interne\">\n\t    <div class=\"header-container\">\n\t        <div class=\"group-media has-image\">\n\t            \t                <img loading=\"lazy\" decoding=\"async\" width=\"1920\" height=\"800\" src=\"https:\/\/www.paysdesecrins.com\/wp-content\/uploads\/2025\/07\/vtt-geotrek-parcours-7-0jpg-1920x800.jpg\" alt=\"\" class=\"image_large_square wp-image-41132\" \/>\n\t            \t        <\/div>\n\t        <div class=\"group-content\">\n\t            <div class=\"title\">\n\t                <h1>\n\t                    I 10 migliori percorsi per mountain bike in alta montagna\t                    \t                <\/h1>\n\t            <\/div>\n\t        <\/div>\n\t    <\/div>\n\t    \n<div class=\"yoast-breadcrumbs\"><span><span><a href=\"https:\/\/www.paysdesecrins.com\/it\/il-titolo-della-casa\/\">Accueil<\/a><\/span>  <span class=\"breadcrumb_last\" aria-current=\"page\">I 10 migliori percorsi per mountain bike in alta montagna<\/span><\/span><\/div>\n    <\/div>\n    \n<div class=\"wp-block-ws-library-ws-title aligncenter is-style-simple\"><h2><em>Primi 10<\/em>Percorsi per mountain bike nel Pays des \u00c9crins<\/h2><\/div>\n\n<p class=\"has-text-align-center\">Volete scoprire le Alte Alpi in mountain bike? Scopri i 10 migliori percorsi, tra montagne, boschi e panorami mozzafiato. Che tu sia un principiante o un arrampicatore esperto, questi percorsi segnalati ti porteranno nel cuore di un territorio selvaggio e preservato. Ai tuoi pedali!   <\/p>\n\n<div class=\"wp-block-ws-library-ws-columns alignwide has-2-columns are-vertically-aligned-center layout-5050 is-style-background\">\n<div class=\"wp-block-ws-library-ws-column\"><div class=\"wrapper\">\n<div class=\"wp-block-ws-library-ws-title\"><h3><em>Circuito di Puy Saint Vincent <\/em>di narreyroux<\/h3><\/div>\n\n\n\n<p>3 <strong>villaggi<\/strong>, 3 <strong>atmosfere<\/strong>, 3 tipi di <strong>paesaggi <\/strong>per questo anello che parte da Puy Saint Vincent 1400, che inizia prima verso le piccole frazioni di <strong>Prey d&#8217;Aval<\/strong> e <strong>Prey d&#8217;Amont<\/strong>, prima di tornare con una ripida ma <strong>piacevolissima<\/strong> <strong> salita a PuySaint VinCent 1600. Attraversiamo il cuore della localit\u00e0 dall&#8217;alto, prima di addentrarci nella <strong>foresta<\/strong>, dopo un ultimo sguardo alla Condamine e a Chambran, su un single track verso il <strong>paradisiaco borgo <\/strong>di <strong>Narreyroux<\/strong>, nascosto segretamente nella sua <strong>valle<\/strong>. Dopo aver ammirato a lungo il <strong>panorama<\/strong>, si prosegue dritti, in discesa lungo il torrente, fino alla cappella di Saint Vincent.<\/strong>  <\/p>\n<\/div><\/div>\n\n\n\n<div class=\"wp-block-ws-library-ws-column\"><div class=\"wrapper\">\n<div class=\"wp-block-ws-library-ws-image\"><div class=\"wrapper\"><div class=\"group-media\"><img decoding=\"async\" src=\"https:\/\/www.paysdesecrins.com\/wp-content\/uploads\/2025\/07\/1594886146-1441292154-960x640.jpg\" alt=\"\" class=\"single_image ws-image-40209\"><div class=\"credits\"><\/div><\/div><p class=\"caption\"><\/p><\/div><\/div>\n<\/div><\/div>\n<\/div>\n\n<div class=\"wp-block-ws-library-ws-title\"><h3><em>Vallouise<\/em>Circuito d&#8217;onda<\/h3><\/div>\n\n<p>Il circuito perfetto per una <strong>passeggiata in famiglia<\/strong>, o una <strong>ripresa<\/strong>, lungo il torrente Onde, sotto la <strong>freschezza dei larici<\/strong>, con in pi\u00f9 il <strong>suono rilassante del torrente <\/strong>che ti accompagna per tutto il percorso. Molto <strong>facile <\/strong>e <strong>accessibile <\/strong>a tutti, questo percorso \u00e8 ideale per scoprire parte della valle della <strong>Vallouise<\/strong>, <strong>dall&#8217;Onde <\/strong>alla <strong>Gyronde<\/strong>. <\/p>\n\n<div class=\"wp-block-ws-library-ws-columns alignwide has-2-columns are-vertically-aligned-center layout-5050 is-style-background\">\n<div class=\"wp-block-ws-library-ws-column\"><div class=\"wrapper\">\n<div class=\"wp-block-ws-library-ws-image\"><div class=\"wrapper\"><div class=\"group-media\"><img decoding=\"async\" src=\"https:\/\/www.paysdesecrins.com\/wp-content\/uploads\/2025\/07\/1594887013-161628785-960x640.jpg\" alt=\"\" class=\"single_image ws-image-40215\"><div class=\"credits\"><\/div><\/div><p class=\"caption\"><\/p><\/div><\/div>\n<\/div><\/div>\n\n\n\n<div class=\"wp-block-ws-library-ws-column\"><div class=\"wrapper\">\n<div class=\"wp-block-ws-library-ws-title\"><h3><em>Pelvoux<\/em> Circuito caldaia<\/h3><\/div>\n\n\n\n<p>Accanto o sopra il torrente <strong>Gyr<\/strong>, questo sentiero \u00e8 <strong>perfetto <\/strong>per ammirare la valle del <strong>Pelvoux<\/strong>, alternando <strong>tratti facili <\/strong><strong>su pista<\/strong> forestale ad alcuni <strong>tratti tecnici ma economici<\/strong>, che lo rendono un <strong>percorso ideale <\/strong>per l&#8217;introduzione alla <strong>mountain<\/strong> <strong>bike<\/strong>. La salita alla <strong>valle <\/strong>di <strong>Chambran <\/strong> farebbe quasi venire voglia di continuare a salire verso questa frazione atipica, ma il desiderio di contemplare il <strong>Pelvoux <\/strong>e le altre cime degli<strong>\u00c9crins <\/strong>su un superbo <strong>sentiero <\/strong><strong>balcone <\/strong> \u00e8 troppo forte, quindi si continua il viaggio fino a <strong>Vallouise<\/strong>, prima di tornare a Pelvoux, lungo il Gyr.<\/p>\n<\/div><\/div>\n<\/div>\n\n<div class=\"wp-block-ws-library-ws-title\"><h3><em>Puy Saint Vincent<\/em> col de la pousterle<\/h3><\/div>\n\n<p>Un <strong>superbo <\/strong> sentiero <strong>balcone <\/strong>lungo le montagne di Puy Saint Vincent, a partire dalla localit\u00e0 del 1800. Il sentiero si addentra nel <strong>bosco <\/strong>per sbucare sulla <strong>radura <\/strong><strong>del Tournoux <\/strong> dove ci si pu\u00f2 fermare un attimo ad ammirare i <strong>superbi<\/strong> <strong>chalet<\/strong>. L&#8217;apertura della vista permette anche di osservare la <strong>T\u00eate <\/strong><strong>d&#8217;Amont <\/strong>dall&#8217;altra parte della valle, e il Pelvoux alle spalle. Una volta ripartiti, bastano pochi colpi di pedale per arrivare <strong>sull&#8217;altopiano <\/strong>del <strong>Pousterle <\/strong> e sui suoi <strong>prati fioriti <\/strong>e <strong>pittoreschi ruscelli<\/strong>. Ci spingiamo un po&#8217; oltre il passo per avere la vista della <strong>valle di Fournel <\/strong>che si rivela solo <strong> <\/strong>all&#8217;ultimo momento.    <\/p>\n\n<div class=\"wp-block-ws-library-ws-slider alignwide\"><div class=\"splide\" data-splide=\"{\"type\":\"slide\",\"heightRatio\":\"auto\",\"perPage\":4,\"perMove\":1,\"drag\":true,\"pagination\":0,\"autoplay\":false,\"gap\":\"2px\",\"breakpoints\":{\"450\":{\"perPage\":1},\"768\":{\"perPage\":2},\"992\":{\"perPage\":3},\"1200\":{\"perPage\":4}}}\"><div class=\"splide__track\"><div class=\"splide__list\"><div class=\"splide__slide\"><a href=\"https:\/\/www.paysdesecrins.com\/wp-content\/uploads\/2025\/07\/1594887273-1116355637-400x400.jpg\" data-glightbox=\"true\" class=\"lightbox-trigger\"><img decoding=\"async\" src=\"https:\/\/www.paysdesecrins.com\/wp-content\/uploads\/2025\/07\/1594887273-1116355637-400x400.jpg\" alt=\"\"><\/a><\/div><div class=\"splide__slide\"><a href=\"https:\/\/www.paysdesecrins.com\/wp-content\/uploads\/2025\/07\/1594887273-1476686524-400x400.jpg\" data-glightbox=\"true\" class=\"lightbox-trigger\"><img decoding=\"async\" src=\"https:\/\/www.paysdesecrins.com\/wp-content\/uploads\/2025\/07\/1594887273-1476686524-400x400.jpg\" alt=\"\"><\/a><\/div><div class=\"splide__slide\"><a href=\"https:\/\/www.paysdesecrins.com\/wp-content\/uploads\/2025\/07\/1594887273-1220673510-400x400.jpg\" data-glightbox=\"true\" class=\"lightbox-trigger\"><img decoding=\"async\" src=\"https:\/\/www.paysdesecrins.com\/wp-content\/uploads\/2025\/07\/1594887273-1220673510-400x400.jpg\" alt=\"\"><\/a><\/div><\/div><\/div><\/div><\/div>\n\n<div class=\"wp-block-ws-library-ws-columns alignwide has-2-columns are-vertically-aligned-center layout-5050 is-style-background\">\n<div class=\"wp-block-ws-library-ws-column\"><div class=\"wrapper\">\n<div class=\"wp-block-ws-library-ws-title\"><h3><em>Puy Saint Vincent<\/em> Teste grandi<\/h3><\/div>\n\n\n\n<p>Stessa partenza del <strong>Col de la Pousterle<\/strong>, ma questa volta <strong>pedaliamo ancora un po&#8217;<\/strong> per salire in cima alle <strong>T\u00eates<\/strong>, che dominano<strong> la valle della Durance<\/strong> e la <strong>citt\u00e0 dell&#8217;Argenti\u00e8re.<\/strong> Dalla cima si pu\u00f2 vedere<strong> l&#8217;intera catena del Queyras<\/strong>, da <strong>Brian\u00e7on <\/strong>a <strong>Vars<\/strong>. Il ritorno avviene attraverso il <strong>bosco <\/strong>per garantire una <strong>discesa tranquilla<\/strong><strong>, dove si pu\u00f2 ammirare il <strong>Monte Pelvoux <\/strong>e le <strong>Cucumelle <\/strong>che si vedono in lontananza.<\/strong> <\/p>\n<\/div><\/div>\n\n\n\n<div class=\"wp-block-ws-library-ws-column\"><div class=\"wrapper\">\n<div class=\"wp-block-ws-library-ws-image\"><div class=\"wrapper\"><div class=\"group-media\"><img decoding=\"async\" src=\"https:\/\/www.paysdesecrins.com\/wp-content\/uploads\/2025\/07\/1594887750-1992666992-960x640.jpg\" alt=\"\" class=\"single_image ws-image-40235\"><div class=\"credits\"><\/div><\/div><p class=\"caption\"><\/p><\/div><\/div>\n<\/div><\/div>\n<\/div>\n\n<div class=\"wp-block-ws-library-ws-title\"><h3><em>L&#8217;Argenti\u00e8re-La Bess\u00e9e<\/em> Il giro delle teste<\/h3><\/div>\n\n<p>Partendo da Argenti\u00e8re-la-Bess\u00e9e, questo percorso \u00e8 <strong>impegnativo <\/strong>ma <strong>ne vale la pena.<\/strong> Saliamo prima <strong>verso il vallone di Fournel,<\/strong> costeggiando il <strong>torrente<\/strong>, prima di attaccare la <strong>lunga salita<\/strong> al <strong>Col de la Pousterle<\/strong>. Molto <strong>regolare<\/strong>, questa salita \u00e8 molto <strong>pi\u00f9 veloce di quanto<\/strong> si potesse immaginare, soprattutto grazie <strong>al panorama che cambia ad ogni curva.<\/strong> <strong>L&#8217;altopiano del Pousterle <\/strong>\u00e8 un toccasana per gli occhi, e un po&#8217; anche per le gambe, prima di affrontare la <strong>discesa<\/strong>, <strong>ripida <\/strong>e <strong>tecnica <\/strong>su un single molto bello, verso l&#8217;Argenti\u00e8re.   <\/p>\n\n<div class=\"wp-block-ws-library-ws-columns alignwide has-2-columns are-vertically-aligned-center layout-5050 is-style-background\">\n<div class=\"wp-block-ws-library-ws-column\"><div class=\"wrapper\">\n<div class=\"wp-block-ws-library-ws-image\"><div class=\"wrapper\"><div class=\"group-media\"><img decoding=\"async\" src=\"https:\/\/www.paysdesecrins.com\/wp-content\/uploads\/2025\/07\/1594888290-1862346699-960x640.jpg\" alt=\"\" class=\"single_image ws-image-40242\"><div class=\"credits\"><\/div><\/div><p class=\"caption\"><\/p><\/div><\/div>\n<\/div><\/div>\n\n\n\n<div class=\"wp-block-ws-library-ws-column\"><div class=\"wrapper\">\n<div class=\"wp-block-ws-library-ws-title\"><h3><em>L&#8217;Argenti\u00e8re-La Bess\u00e9e<\/em> col d&#8217;anon \u2013 col des lauzes<\/h3><\/div>\n\n\n\n<p>Un <strong>anello molto bello<\/strong> che parte dal vallone di <strong>Fournel<\/strong>, che sale in <strong>un sottobosco ombroso<\/strong> verso il <strong>Col des<\/strong> <strong>Lauzes<\/strong>, da dove si pu\u00f2 scoprire il <strong>lungo vallone di Freissini\u00e8res,<\/strong> con la frazione di <strong>Dormillouse <\/strong>a fondovalle. Poich\u00e9 un passo non \u00e8 sufficiente per una giornata, un <strong>sentiero balcone<\/strong> conduce rapidamente al <strong>Col d&#8217;Anon<\/strong> ; Questa volta ci dirigiamo a nord e possiamo vedere il <strong>Pelvoux <\/strong>in lontananza, cos\u00ec come le<strong> montagne del Brian\u00e7onnais<\/strong>. Poi attacchiamo la <strong>discesa<\/strong>, dapprima dolce, poi un piccolo ripido pendio in stretti tornanti completa questa <strong>superba passeggiata<\/strong>.  <\/p>\n<\/div><\/div>\n<\/div>\n\n<div class=\"wp-block-ws-library-ws-title\"><h3><em>I Vigneaux<\/em>Circuito del Grand Parcher<\/h3><\/div>\n\n<p>Lungo la <strong>Gyronde<\/strong>, sotto il <strong>Montbrison <\/strong>e il <strong>T\u00eates<\/strong>, questo anello<strong> molto facile<\/strong> \u00e8 un prologo perfetto all&#8217;atmosfera della valle della <strong>Vallouise<\/strong>, alternando ombra e luce, tra <strong>sottobosco<\/strong> e <strong>prato fiorito<\/strong>. Il ritorno, su un <strong>balcone<\/strong>, riprende <strong>l&#8217;adret <\/strong>, per attraversare il <strong>Rif <\/strong>e vedere in lontananza <strong>le gole della Durance<\/strong>. <\/p>\n\n<div class=\"wp-block-ws-library-ws-columns alignwide has-2-columns are-vertically-aligned-center layout-5050 is-style-background\">\n<div class=\"wp-block-ws-library-ws-column\"><div class=\"wrapper\">\n<div class=\"wp-block-ws-library-ws-title\"><h3><em>Freissini\u00e8res<\/em>Circuito della pianura<\/h3><\/div>\n\n\n\n<p>Una <strong>pianura<\/strong>, un <strong>ruscello<\/strong>, sole e fiori, cosa si pu\u00f2 chiedere di pi\u00f9 per una<strong> tranquilla passeggiata in famiglia.<\/strong> Al riparo dal rumore e dalla frenesia della Durance, questo<strong> anello \u00e8 perfetto per una gita tranquilla,<\/strong> alla scoperta della valle incontaminata di Freissini\u00e8res, con l&#8217;aggiunta di una vista <strong>sulla voragine di Gourfouran<\/strong> da un lato dell&#8217;anello e di <strong>Dormillouse<\/strong> dall&#8217;altro.<\/p>\n<\/div><\/div>\n\n\n\n<div class=\"wp-block-ws-library-ws-column\"><div class=\"wrapper\">\n<div class=\"wp-block-ws-library-ws-image\"><div class=\"wrapper\"><div class=\"group-media\"><img decoding=\"async\" src=\"https:\/\/www.paysdesecrins.com\/wp-content\/uploads\/2025\/07\/1594889829-600436716-960x640.jpg\" alt=\"\" class=\"single_image ws-image-40247\"><div class=\"credits\"><\/div><\/div><p class=\"caption\"><\/p><\/div><\/div>\n<\/div><\/div>\n<\/div>\n\n<div class=\"wp-block-ws-library-ws-title\"><h3><em>L&#8217;Argenti\u00e8re-La Bess\u00e9e<\/em>Cardi blu<\/h3><\/div>\n\n<p>Il<strong> cardo azzurro<\/strong>, conosciuto anche come <strong>la Regina delle Alpi<\/strong>, \u00e8 un fiore che sa farsi desiderare. Una volta raggiunta la valle del <strong>Fournel<\/strong>, si desidera solo quella, quindi la pedalata accelera lungo questa<strong> valle stretta e selvaggia<\/strong>, su un percorso relativamente pianeggiante una volta entrati nella valle. Alla fine del percorso si trova la riserva biologica di Deslioures, creata nel 1993, che ospita <strong>una delle pi\u00f9 grandi popolazioni di cardi azzurri<\/strong> <strong>d&#8217;Europa<\/strong>.  <\/p>\n\n<div class=\"wp-block-ws-library-ws-slider alignfull\"><div class=\"splide\" data-splide=\"{\"type\":\"slide\",\"heightRatio\":\"auto\",\"perPage\":4,\"perMove\":1,\"drag\":true,\"pagination\":0,\"autoplay\":false,\"gap\":\"15px\",\"breakpoints\":{\"450\":{\"perPage\":1},\"768\":{\"perPage\":2},\"992\":{\"perPage\":3},\"1200\":{\"perPage\":4}}}\"><div class=\"splide__track\"><div class=\"splide__list\"><div class=\"splide__slide\"><a href=\"https:\/\/www.paysdesecrins.com\/wp-content\/uploads\/2025\/07\/18veloderoute-dsc00234-400x400.jpg\" data-glightbox=\"true\" class=\"lightbox-trigger\"><img decoding=\"async\" src=\"https:\/\/www.paysdesecrins.com\/wp-content\/uploads\/2025\/07\/18veloderoute-dsc00234-400x400.jpg\" alt=\"\"><\/a><\/div><div class=\"splide__slide\"><a href=\"https:\/\/www.paysdesecrins.com\/wp-content\/uploads\/2025\/07\/18vtt-veloderoute-dsc04261-scaled.jpg\" data-glightbox=\"true\" class=\"lightbox-trigger\"><img decoding=\"async\" src=\"https:\/\/www.paysdesecrins.com\/wp-content\/uploads\/2025\/07\/18vtt-veloderoute-dsc04261-400x400.jpg\" alt=\"\"><\/a><\/div><div class=\"splide__slide\"><a href=\"https:\/\/www.paysdesecrins.com\/wp-content\/uploads\/2025\/07\/18vtt-veloderoute-dsc03567-2-scaled.jpg\" data-glightbox=\"true\" class=\"lightbox-trigger\"><img decoding=\"async\" src=\"https:\/\/www.paysdesecrins.com\/wp-content\/uploads\/2025\/07\/18vtt-veloderoute-dsc03567-2-400x400.jpg\" alt=\"\"><\/a><\/div><div class=\"splide__slide\"><a href=\"https:\/\/www.paysdesecrins.com\/wp-content\/uploads\/2025\/07\/1594890137-115249266-400x400.jpg\" data-glightbox=\"true\" class=\"lightbox-trigger\"><img decoding=\"async\" src=\"https:\/\/www.paysdesecrins.com\/wp-content\/uploads\/2025\/07\/1594890137-115249266-400x400.jpg\" alt=\"\"><\/a><\/div><div class=\"splide__slide\"><a href=\"https:\/\/www.paysdesecrins.com\/wp-content\/uploads\/2025\/07\/1594890137-1944355918-400x400.jpg\" data-glightbox=\"true\" class=\"lightbox-trigger\"><img decoding=\"async\" src=\"https:\/\/www.paysdesecrins.com\/wp-content\/uploads\/2025\/07\/1594890137-1944355918-400x400.jpg\" alt=\"\"><\/a><\/div><div class=\"splide__slide\"><a href=\"https:\/\/www.paysdesecrins.com\/wp-content\/uploads\/2025\/07\/1594890137-2110645372-400x400.jpg\" data-glightbox=\"true\" class=\"lightbox-trigger\"><img decoding=\"async\" src=\"https:\/\/www.paysdesecrins.com\/wp-content\/uploads\/2025\/07\/1594890137-2110645372-400x400.jpg\" alt=\"\"><\/a><\/div><\/div><\/div><\/div><\/div>\n\n<div class=\"wp-block-ws-library-ws-featured-content\">\n<div class=\"wp-block-ws-library-ws-title\"><h2>Pianifica i tuoi percorsi online<\/h2><\/div>\n\n\n\n<p>Scoprite <strong>il nostro sito dedicato alle escursioni negli \u00c9crins<\/strong> e preparate al meglio la vostra prossima uscita!<\/p>\n\n\n\n<div class=\"wp-block-ws-library-ws-button has-text-align-left is-style-default\"><a href=\"https:\/\/rando.paysdesecrins.com\/\" class=\"wp-block-button__link wp-element-button btn\">  Tutti i percorsi<\/a><\/div>\n<\/div>\n","protected":false},"excerpt":{"rendered":"<p>Volete scoprire le Alte Alpi in mountain bike? Scopri i 10 migliori percorsi, tra montagne, boschi e panorami mozzafiato. Che [&hellip;]<\/p>\n","protected":false},"author":4,"featured_media":41136,"comment_status":"closed","ping_status":"closed","sticky":false,"template":"","format":"standard","meta":{"_thumbnail_id_2":0,"summer_excerpt":"","season":"","station":"","footnotes":""},"article_category":[],"class_list":["post-46586","post","type-post","status-publish","format-standard","has-post-thumbnail","hentry"],"yoast_head":"<!-- This site is optimized with the Yoast SEO plugin v27.3 - https:\/\/yoast.com\/product\/yoast-seo-wordpress\/ -->\n<title>I 10 migliori percorsi per mountain bike in alta montagna - Pays des \u00c9crins - Office de Tourisme<\/title>\n<meta name=\"robots\" content=\"index, follow, max-snippet:-1, max-image-preview:large, max-video-preview:-1\" \/>\n<link rel=\"canonical\" href=\"https:\/\/www.paysdesecrins.com\/it\/i-10-migliori-percorsi-per-mountain-bike-in-alta-montagna\/\" \/>\n<meta property=\"og:locale\" content=\"it_IT\" \/>\n<meta property=\"og:type\" content=\"article\" \/>\n<meta property=\"og:title\" content=\"I 10 migliori percorsi per mountain bike in alta montagna - Pays des \u00c9crins - Office de Tourisme\" \/>\n<meta property=\"og:description\" content=\"Volete scoprire le Alte Alpi in mountain bike? Scopri i 10 migliori percorsi, tra montagne, boschi e panorami mozzafiato. Che [&hellip;]\" \/>\n<meta property=\"og:url\" content=\"https:\/\/www.paysdesecrins.com\/it\/i-10-migliori-percorsi-per-mountain-bike-in-alta-montagna\/\" \/>\n<meta property=\"og:site_name\" content=\"Pays des \u00c9crins - Office de Tourisme\" \/>\n<meta property=\"article:published_time\" content=\"2025-07-24T09:18:11+00:00\" \/>\n<meta property=\"article:modified_time\" content=\"2025-08-07T07:33:51+00:00\" \/>\n<meta property=\"og:image\" content=\"https:\/\/www.paysdesecrins.com\/wp-content\/uploads\/2025\/07\/vtt-geotrek-parcours-7-0jpg-scaled.jpg\" \/>\n\t<meta property=\"og:image:width\" content=\"2560\" \/>\n\t<meta property=\"og:image:height\" content=\"1707\" \/>\n\t<meta property=\"og:image:type\" content=\"image\/jpeg\" \/>\n<meta name=\"author\" content=\"Juliette BISIAUX\" \/>\n<meta name=\"twitter:card\" content=\"summary_large_image\" \/>\n<meta name=\"twitter:label1\" content=\"Scritto da\" \/>\n\t<meta name=\"twitter:data1\" content=\"Juliette BISIAUX\" \/>\n\t<meta name=\"twitter:label2\" content=\"Tempo di lettura stimato\" \/>\n\t<meta name=\"twitter:data2\" content=\"5 minuti\" \/>\n<script type=\"application\/ld+json\" class=\"yoast-schema-graph\">{\"@context\":\"https:\\\/\\\/schema.org\",\"@graph\":[{\"@type\":\"Article\",\"@id\":\"https:\\\/\\\/www.paysdesecrins.com\\\/it\\\/i-10-migliori-percorsi-per-mountain-bike-in-alta-montagna\\\/#article\",\"isPartOf\":{\"@id\":\"https:\\\/\\\/www.paysdesecrins.com\\\/it\\\/i-10-migliori-percorsi-per-mountain-bike-in-alta-montagna\\\/\"},\"author\":{\"name\":\"Juliette BISIAUX\",\"@id\":\"https:\\\/\\\/www.paysdesecrins.com\\\/it\\\/#\\\/schema\\\/person\\\/91b38c6fd482bbb5d636526af3c9c44c\"},\"headline\":\"I 10 migliori percorsi per mountain bike in alta montagna\",\"datePublished\":\"2025-07-24T09:18:11+00:00\",\"dateModified\":\"2025-08-07T07:33:51+00:00\",\"mainEntityOfPage\":{\"@id\":\"https:\\\/\\\/www.paysdesecrins.com\\\/it\\\/i-10-migliori-percorsi-per-mountain-bike-in-alta-montagna\\\/\"},\"wordCount\":943,\"publisher\":{\"@id\":\"https:\\\/\\\/www.paysdesecrins.com\\\/it\\\/#organization\"},\"image\":{\"@id\":\"https:\\\/\\\/www.paysdesecrins.com\\\/it\\\/i-10-migliori-percorsi-per-mountain-bike-in-alta-montagna\\\/#primaryimage\"},\"thumbnailUrl\":\"https:\\\/\\\/www.paysdesecrins.com\\\/wp-content\\\/uploads\\\/2025\\\/07\\\/vtt-geotrek-parcours-7-0jpg-scaled.jpg\",\"inLanguage\":\"it-IT\"},{\"@type\":\"WebPage\",\"@id\":\"https:\\\/\\\/www.paysdesecrins.com\\\/it\\\/i-10-migliori-percorsi-per-mountain-bike-in-alta-montagna\\\/\",\"url\":\"https:\\\/\\\/www.paysdesecrins.com\\\/it\\\/i-10-migliori-percorsi-per-mountain-bike-in-alta-montagna\\\/\",\"name\":\"I 10 migliori percorsi per mountain bike in alta montagna - Pays des \u00c9crins - Office de Tourisme\",\"isPartOf\":{\"@id\":\"https:\\\/\\\/www.paysdesecrins.com\\\/it\\\/#website\"},\"primaryImageOfPage\":{\"@id\":\"https:\\\/\\\/www.paysdesecrins.com\\\/it\\\/i-10-migliori-percorsi-per-mountain-bike-in-alta-montagna\\\/#primaryimage\"},\"image\":{\"@id\":\"https:\\\/\\\/www.paysdesecrins.com\\\/it\\\/i-10-migliori-percorsi-per-mountain-bike-in-alta-montagna\\\/#primaryimage\"},\"thumbnailUrl\":\"https:\\\/\\\/www.paysdesecrins.com\\\/wp-content\\\/uploads\\\/2025\\\/07\\\/vtt-geotrek-parcours-7-0jpg-scaled.jpg\",\"datePublished\":\"2025-07-24T09:18:11+00:00\",\"dateModified\":\"2025-08-07T07:33:51+00:00\",\"breadcrumb\":{\"@id\":\"https:\\\/\\\/www.paysdesecrins.com\\\/it\\\/i-10-migliori-percorsi-per-mountain-bike-in-alta-montagna\\\/#breadcrumb\"},\"inLanguage\":\"it-IT\",\"potentialAction\":[{\"@type\":\"ReadAction\",\"target\":[\"https:\\\/\\\/www.paysdesecrins.com\\\/it\\\/i-10-migliori-percorsi-per-mountain-bike-in-alta-montagna\\\/\"]}]},{\"@type\":\"ImageObject\",\"inLanguage\":\"it-IT\",\"@id\":\"https:\\\/\\\/www.paysdesecrins.com\\\/it\\\/i-10-migliori-percorsi-per-mountain-bike-in-alta-montagna\\\/#primaryimage\",\"url\":\"https:\\\/\\\/www.paysdesecrins.com\\\/wp-content\\\/uploads\\\/2025\\\/07\\\/vtt-geotrek-parcours-7-0jpg-scaled.jpg\",\"contentUrl\":\"https:\\\/\\\/www.paysdesecrins.com\\\/wp-content\\\/uploads\\\/2025\\\/07\\\/vtt-geotrek-parcours-7-0jpg-scaled.jpg\",\"width\":2560,\"height\":1707},{\"@type\":\"BreadcrumbList\",\"@id\":\"https:\\\/\\\/www.paysdesecrins.com\\\/it\\\/i-10-migliori-percorsi-per-mountain-bike-in-alta-montagna\\\/#breadcrumb\",\"itemListElement\":[{\"@type\":\"ListItem\",\"position\":1,\"name\":\"Accueil\",\"item\":\"https:\\\/\\\/www.paysdesecrins.com\\\/it\\\/il-titolo-della-casa\\\/\"},{\"@type\":\"ListItem\",\"position\":2,\"name\":\"I 10 migliori percorsi per mountain bike in alta montagna\"}]},{\"@type\":\"WebSite\",\"@id\":\"https:\\\/\\\/www.paysdesecrins.com\\\/it\\\/#website\",\"url\":\"https:\\\/\\\/www.paysdesecrins.com\\\/it\\\/\",\"name\":\"Pays des \u00c9crins - Office de Tourisme\",\"description\":\"L&#039;esprit montagne\",\"publisher\":{\"@id\":\"https:\\\/\\\/www.paysdesecrins.com\\\/it\\\/#organization\"},\"potentialAction\":[{\"@type\":\"SearchAction\",\"target\":{\"@type\":\"EntryPoint\",\"urlTemplate\":\"https:\\\/\\\/www.paysdesecrins.com\\\/it\\\/?s={search_term_string}\"},\"query-input\":{\"@type\":\"PropertyValueSpecification\",\"valueRequired\":true,\"valueName\":\"search_term_string\"}}],\"inLanguage\":\"it-IT\"},{\"@type\":\"Organization\",\"@id\":\"https:\\\/\\\/www.paysdesecrins.com\\\/it\\\/#organization\",\"name\":\"Pays des \u00c9crins - Office de Tourisme\",\"url\":\"https:\\\/\\\/www.paysdesecrins.com\\\/it\\\/\",\"logo\":{\"@type\":\"ImageObject\",\"inLanguage\":\"it-IT\",\"@id\":\"https:\\\/\\\/www.paysdesecrins.com\\\/it\\\/#\\\/schema\\\/logo\\\/image\\\/\",\"url\":\"https:\\\/\\\/www.paysdesecrins.com\\\/wp-content\\\/uploads\\\/2025\\\/06\\\/devina-svg-1750845694.svg\",\"contentUrl\":\"https:\\\/\\\/www.paysdesecrins.com\\\/wp-content\\\/uploads\\\/2025\\\/06\\\/devina-svg-1750845694.svg\",\"caption\":\"Pays des \u00c9crins - Office de Tourisme\"},\"image\":{\"@id\":\"https:\\\/\\\/www.paysdesecrins.com\\\/it\\\/#\\\/schema\\\/logo\\\/image\\\/\"}},{\"@type\":\"Person\",\"@id\":\"https:\\\/\\\/www.paysdesecrins.com\\\/it\\\/#\\\/schema\\\/person\\\/91b38c6fd482bbb5d636526af3c9c44c\",\"name\":\"Juliette BISIAUX\",\"url\":\"https:\\\/\\\/www.paysdesecrins.com\\\/it\\\/author\\\/juliette\\\/\"}]}<\/script>\n<!-- \/ Yoast SEO plugin. -->","yoast_head_json":{"title":"I 10 migliori percorsi per mountain bike in alta montagna - Pays des \u00c9crins - Office de Tourisme","robots":{"index":"index","follow":"follow","max-snippet":"max-snippet:-1","max-image-preview":"max-image-preview:large","max-video-preview":"max-video-preview:-1"},"canonical":"https:\/\/www.paysdesecrins.com\/it\/i-10-migliori-percorsi-per-mountain-bike-in-alta-montagna\/","og_locale":"it_IT","og_type":"article","og_title":"I 10 migliori percorsi per mountain bike in alta montagna - Pays des \u00c9crins - Office de Tourisme","og_description":"Volete scoprire le Alte Alpi in mountain bike? Scopri i 10 migliori percorsi, tra montagne, boschi e panorami mozzafiato. Che [&hellip;]","og_url":"https:\/\/www.paysdesecrins.com\/it\/i-10-migliori-percorsi-per-mountain-bike-in-alta-montagna\/","og_site_name":"Pays des \u00c9crins - Office de Tourisme","article_published_time":"2025-07-24T09:18:11+00:00","article_modified_time":"2025-08-07T07:33:51+00:00","og_image":[{"width":2560,"height":1707,"url":"https:\/\/www.paysdesecrins.com\/wp-content\/uploads\/2025\/07\/vtt-geotrek-parcours-7-0jpg-scaled.jpg","type":"image\/jpeg"}],"author":"Juliette BISIAUX","twitter_card":"summary_large_image","twitter_misc":{"Scritto da":"Juliette BISIAUX","Tempo di lettura stimato":"5 minuti"},"schema":{"@context":"https:\/\/schema.org","@graph":[{"@type":"Article","@id":"https:\/\/www.paysdesecrins.com\/it\/i-10-migliori-percorsi-per-mountain-bike-in-alta-montagna\/#article","isPartOf":{"@id":"https:\/\/www.paysdesecrins.com\/it\/i-10-migliori-percorsi-per-mountain-bike-in-alta-montagna\/"},"author":{"name":"Juliette BISIAUX","@id":"https:\/\/www.paysdesecrins.com\/it\/#\/schema\/person\/91b38c6fd482bbb5d636526af3c9c44c"},"headline":"I 10 migliori percorsi per mountain bike in alta montagna","datePublished":"2025-07-24T09:18:11+00:00","dateModified":"2025-08-07T07:33:51+00:00","mainEntityOfPage":{"@id":"https:\/\/www.paysdesecrins.com\/it\/i-10-migliori-percorsi-per-mountain-bike-in-alta-montagna\/"},"wordCount":943,"publisher":{"@id":"https:\/\/www.paysdesecrins.com\/it\/#organization"},"image":{"@id":"https:\/\/www.paysdesecrins.com\/it\/i-10-migliori-percorsi-per-mountain-bike-in-alta-montagna\/#primaryimage"},"thumbnailUrl":"https:\/\/www.paysdesecrins.com\/wp-content\/uploads\/2025\/07\/vtt-geotrek-parcours-7-0jpg-scaled.jpg","inLanguage":"it-IT"},{"@type":"WebPage","@id":"https:\/\/www.paysdesecrins.com\/it\/i-10-migliori-percorsi-per-mountain-bike-in-alta-montagna\/","url":"https:\/\/www.paysdesecrins.com\/it\/i-10-migliori-percorsi-per-mountain-bike-in-alta-montagna\/","name":"I 10 migliori percorsi per mountain bike in alta montagna - Pays des \u00c9crins - Office de Tourisme","isPartOf":{"@id":"https:\/\/www.paysdesecrins.com\/it\/#website"},"primaryImageOfPage":{"@id":"https:\/\/www.paysdesecrins.com\/it\/i-10-migliori-percorsi-per-mountain-bike-in-alta-montagna\/#primaryimage"},"image":{"@id":"https:\/\/www.paysdesecrins.com\/it\/i-10-migliori-percorsi-per-mountain-bike-in-alta-montagna\/#primaryimage"},"thumbnailUrl":"https:\/\/www.paysdesecrins.com\/wp-content\/uploads\/2025\/07\/vtt-geotrek-parcours-7-0jpg-scaled.jpg","datePublished":"2025-07-24T09:18:11+00:00","dateModified":"2025-08-07T07:33:51+00:00","breadcrumb":{"@id":"https:\/\/www.paysdesecrins.com\/it\/i-10-migliori-percorsi-per-mountain-bike-in-alta-montagna\/#breadcrumb"},"inLanguage":"it-IT","potentialAction":[{"@type":"ReadAction","target":["https:\/\/www.paysdesecrins.com\/it\/i-10-migliori-percorsi-per-mountain-bike-in-alta-montagna\/"]}]},{"@type":"ImageObject","inLanguage":"it-IT","@id":"https:\/\/www.paysdesecrins.com\/it\/i-10-migliori-percorsi-per-mountain-bike-in-alta-montagna\/#primaryimage","url":"https:\/\/www.paysdesecrins.com\/wp-content\/uploads\/2025\/07\/vtt-geotrek-parcours-7-0jpg-scaled.jpg","contentUrl":"https:\/\/www.paysdesecrins.com\/wp-content\/uploads\/2025\/07\/vtt-geotrek-parcours-7-0jpg-scaled.jpg","width":2560,"height":1707},{"@type":"BreadcrumbList","@id":"https:\/\/www.paysdesecrins.com\/it\/i-10-migliori-percorsi-per-mountain-bike-in-alta-montagna\/#breadcrumb","itemListElement":[{"@type":"ListItem","position":1,"name":"Accueil","item":"https:\/\/www.paysdesecrins.com\/it\/il-titolo-della-casa\/"},{"@type":"ListItem","position":2,"name":"I 10 migliori percorsi per mountain bike in alta montagna"}]},{"@type":"WebSite","@id":"https:\/\/www.paysdesecrins.com\/it\/#website","url":"https:\/\/www.paysdesecrins.com\/it\/","name":"Pays des \u00c9crins - Office de Tourisme","description":"L&#039;esprit montagne","publisher":{"@id":"https:\/\/www.paysdesecrins.com\/it\/#organization"},"potentialAction":[{"@type":"SearchAction","target":{"@type":"EntryPoint","urlTemplate":"https:\/\/www.paysdesecrins.com\/it\/?s={search_term_string}"},"query-input":{"@type":"PropertyValueSpecification","valueRequired":true,"valueName":"search_term_string"}}],"inLanguage":"it-IT"},{"@type":"Organization","@id":"https:\/\/www.paysdesecrins.com\/it\/#organization","name":"Pays des \u00c9crins - Office de Tourisme","url":"https:\/\/www.paysdesecrins.com\/it\/","logo":{"@type":"ImageObject","inLanguage":"it-IT","@id":"https:\/\/www.paysdesecrins.com\/it\/#\/schema\/logo\/image\/","url":"https:\/\/www.paysdesecrins.com\/wp-content\/uploads\/2025\/06\/devina-svg-1750845694.svg","contentUrl":"https:\/\/www.paysdesecrins.com\/wp-content\/uploads\/2025\/06\/devina-svg-1750845694.svg","caption":"Pays des \u00c9crins - Office de Tourisme"},"image":{"@id":"https:\/\/www.paysdesecrins.com\/it\/#\/schema\/logo\/image\/"}},{"@type":"Person","@id":"https:\/\/www.paysdesecrins.com\/it\/#\/schema\/person\/91b38c6fd482bbb5d636526af3c9c44c","name":"Juliette BISIAUX","url":"https:\/\/www.paysdesecrins.com\/it\/author\/juliette\/"}]}},"_links":{"self":[{"href":"https:\/\/www.paysdesecrins.com\/it\/wp-json\/wp\/v2\/posts\/46586","targetHints":{"allow":["GET"]}}],"collection":[{"href":"https:\/\/www.paysdesecrins.com\/it\/wp-json\/wp\/v2\/posts"}],"about":[{"href":"https:\/\/www.paysdesecrins.com\/it\/wp-json\/wp\/v2\/types\/post"}],"author":[{"embeddable":true,"href":"https:\/\/www.paysdesecrins.com\/it\/wp-json\/wp\/v2\/users\/4"}],"replies":[{"embeddable":true,"href":"https:\/\/www.paysdesecrins.com\/it\/wp-json\/wp\/v2\/comments?post=46586"}],"version-history":[{"count":0,"href":"https:\/\/www.paysdesecrins.com\/it\/wp-json\/wp\/v2\/posts\/46586\/revisions"}],"wp:featuredmedia":[{"embeddable":true,"href":"https:\/\/www.paysdesecrins.com\/it\/wp-json\/wp\/v2\/media\/41136"}],"wp:attachment":[{"href":"https:\/\/www.paysdesecrins.com\/it\/wp-json\/wp\/v2\/media?parent=46586"}],"wp:term":[{"taxonomy":"article_category","embeddable":true,"href":"https:\/\/www.paysdesecrins.com\/it\/wp-json\/wp\/v2\/article_category?post=46586"}],"curies":[{"name":"wp","href":"https:\/\/api.w.org\/{rel}","templated":true}]}}