{"id":46609,"date":"2025-07-16T10:31:55","date_gmt":"2025-07-16T08:31:55","guid":{"rendered":"https:\/\/www.paysdesecrins.com\/gli-ecrins-attraverso-le-stagioni-qual-e-il-momento-migliore-per-arrivare\/"},"modified":"2025-07-28T16:17:42","modified_gmt":"2025-07-28T14:17:42","slug":"gli-ecrins-attraverso-le-stagioni-qual-e-il-momento-migliore-per-arrivare","status":"publish","type":"post","link":"https:\/\/www.paysdesecrins.com\/it\/gli-ecrins-attraverso-le-stagioni-qual-e-il-momento-migliore-per-arrivare\/","title":{"rendered":"Gli \u00c9crins attraverso le stagioni: qual \u00e8 il momento migliore per arrivare?"},"content":{"rendered":"    <div class=\"alignfull wp-block-ws-library-ws-header-interne\">\n\t    <div class=\"header-container\">\n\t        <div class=\"group-media has-image\">\n\t            \t                <img loading=\"lazy\" decoding=\"async\" width=\"1920\" height=\"800\" src=\"https:\/\/www.paysdesecrins.com\/wp-content\/uploads\/2025\/06\/h0a9608-scaled-1920x800.jpg\" alt=\"\" class=\"image_large_square wp-image-30\" \/>\n\t            \t        <\/div>\n\t        <div class=\"group-content\">\n\t            <div class=\"title\">\n\t                <h1>\n\t                    Gli \u00c9crins attraverso le stagioni: qual \u00e8 il momento migliore per arrivare?\t                    \t                <\/h1>\n\t            <\/div>\n\t        <\/div>\n\t    <\/div>\n\t    \n<div class=\"yoast-breadcrumbs\"><span><span><a href=\"https:\/\/www.paysdesecrins.com\/it\/il-titolo-della-casa\/\">Accueil<\/a><\/span>  <span class=\"breadcrumb_last\" aria-current=\"page\">Gli \u00c9crins attraverso le stagioni: qual \u00e8 il momento migliore per arrivare?<\/span><\/span><\/div>\n    <\/div>\n    \n<p><\/p>\n\n<div class=\"wp-block-ws-library-ws-share\"><span class=\"share-subtitle\">Ti \u00e8 piaciuta questa pagina?<\/span><span class=\"share-title\">Condividilo!<\/span><button class=\"ws-share-button wp-element-button\">Condividi questa pagina<\/button><\/div>\n","protected":false},"excerpt":{"rendered":"","protected":false},"author":1,"featured_media":93,"comment_status":"closed","ping_status":"closed","sticky":false,"template":"","format":"standard","meta":{"_thumbnail_id_2":0,"summer_excerpt":"","season":"","station":"","footnotes":""},"article_category":[],"class_list":["post-46609","post","type-post","status-publish","format-standard","has-post-thumbnail","hentry"],"yoast_head":"<!-- This site is optimized with the Yoast SEO plugin v27.3 - https:\/\/yoast.com\/product\/yoast-seo-wordpress\/ -->\n<title>Gli \u00c9crins attraverso le stagioni: qual \u00e8 il momento migliore per arrivare? - Pays des \u00c9crins - Office de Tourisme<\/title>\n<meta name=\"robots\" content=\"index, follow, max-snippet:-1, max-image-preview:large, max-video-preview:-1\" \/>\n<link rel=\"canonical\" href=\"https:\/\/www.paysdesecrins.com\/it\/gli-ecrins-attraverso-le-stagioni-qual-e-il-momento-migliore-per-arrivare\/\" \/>\n<meta property=\"og:locale\" content=\"it_IT\" \/>\n<meta property=\"og:type\" content=\"article\" \/>\n<meta property=\"og:title\" content=\"Gli \u00c9crins attraverso le stagioni: qual \u00e8 il momento migliore per arrivare? - Pays des \u00c9crins - Office de Tourisme\" \/>\n<meta property=\"og:url\" content=\"https:\/\/www.paysdesecrins.com\/it\/gli-ecrins-attraverso-le-stagioni-qual-e-il-momento-migliore-per-arrivare\/\" \/>\n<meta property=\"og:site_name\" content=\"Pays des \u00c9crins - Office de Tourisme\" \/>\n<meta property=\"article:published_time\" content=\"2025-07-16T08:31:55+00:00\" \/>\n<meta property=\"article:modified_time\" content=\"2025-07-28T14:17:42+00:00\" \/>\n<meta property=\"og:image\" content=\"https:\/\/www.paysdesecrins.com\/wp-content\/uploads\/2025\/06\/h0a9608-scaled.jpg\" \/>\n\t<meta property=\"og:image:width\" content=\"2560\" \/>\n\t<meta property=\"og:image:height\" content=\"1708\" \/>\n\t<meta property=\"og:image:type\" content=\"image\/jpeg\" \/>\n<meta name=\"author\" content=\"websenso\" \/>\n<meta name=\"twitter:card\" content=\"summary_large_image\" \/>\n<meta name=\"twitter:label1\" content=\"Scritto da\" \/>\n\t<meta name=\"twitter:data1\" content=\"websenso\" \/>\n<script type=\"application\/ld+json\" class=\"yoast-schema-graph\">{\"@context\":\"https:\\\/\\\/schema.org\",\"@graph\":[{\"@type\":\"Article\",\"@id\":\"https:\\\/\\\/www.paysdesecrins.com\\\/it\\\/gli-ecrins-attraverso-le-stagioni-qual-e-il-momento-migliore-per-arrivare\\\/#article\",\"isPartOf\":{\"@id\":\"https:\\\/\\\/www.paysdesecrins.com\\\/it\\\/gli-ecrins-attraverso-le-stagioni-qual-e-il-momento-migliore-per-arrivare\\\/\"},\"author\":{\"name\":\"websenso\",\"@id\":\"https:\\\/\\\/www.paysdesecrins.com\\\/it\\\/#\\\/schema\\\/person\\\/a2cc8f415ea2ab78e8bf791a48fb5fb0\"},\"headline\":\"Gli \u00c9crins attraverso le stagioni: qual \u00e8 il momento migliore per arrivare?\",\"datePublished\":\"2025-07-16T08:31:55+00:00\",\"dateModified\":\"2025-07-28T14:17:42+00:00\",\"mainEntityOfPage\":{\"@id\":\"https:\\\/\\\/www.paysdesecrins.com\\\/it\\\/gli-ecrins-attraverso-le-stagioni-qual-e-il-momento-migliore-per-arrivare\\\/\"},\"wordCount\":19,\"publisher\":{\"@id\":\"https:\\\/\\\/www.paysdesecrins.com\\\/it\\\/#organization\"},\"image\":{\"@id\":\"https:\\\/\\\/www.paysdesecrins.com\\\/it\\\/gli-ecrins-attraverso-le-stagioni-qual-e-il-momento-migliore-per-arrivare\\\/#primaryimage\"},\"thumbnailUrl\":\"https:\\\/\\\/www.paysdesecrins.com\\\/wp-content\\\/uploads\\\/2025\\\/06\\\/h0a9608-scaled.jpg\",\"inLanguage\":\"it-IT\"},{\"@type\":\"WebPage\",\"@id\":\"https:\\\/\\\/www.paysdesecrins.com\\\/it\\\/gli-ecrins-attraverso-le-stagioni-qual-e-il-momento-migliore-per-arrivare\\\/\",\"url\":\"https:\\\/\\\/www.paysdesecrins.com\\\/it\\\/gli-ecrins-attraverso-le-stagioni-qual-e-il-momento-migliore-per-arrivare\\\/\",\"name\":\"Gli \u00c9crins attraverso le stagioni: qual \u00e8 il momento migliore per arrivare? - Pays des \u00c9crins - Office de Tourisme\",\"isPartOf\":{\"@id\":\"https:\\\/\\\/www.paysdesecrins.com\\\/it\\\/#website\"},\"primaryImageOfPage\":{\"@id\":\"https:\\\/\\\/www.paysdesecrins.com\\\/it\\\/gli-ecrins-attraverso-le-stagioni-qual-e-il-momento-migliore-per-arrivare\\\/#primaryimage\"},\"image\":{\"@id\":\"https:\\\/\\\/www.paysdesecrins.com\\\/it\\\/gli-ecrins-attraverso-le-stagioni-qual-e-il-momento-migliore-per-arrivare\\\/#primaryimage\"},\"thumbnailUrl\":\"https:\\\/\\\/www.paysdesecrins.com\\\/wp-content\\\/uploads\\\/2025\\\/06\\\/h0a9608-scaled.jpg\",\"datePublished\":\"2025-07-16T08:31:55+00:00\",\"dateModified\":\"2025-07-28T14:17:42+00:00\",\"breadcrumb\":{\"@id\":\"https:\\\/\\\/www.paysdesecrins.com\\\/it\\\/gli-ecrins-attraverso-le-stagioni-qual-e-il-momento-migliore-per-arrivare\\\/#breadcrumb\"},\"inLanguage\":\"it-IT\",\"potentialAction\":[{\"@type\":\"ReadAction\",\"target\":[\"https:\\\/\\\/www.paysdesecrins.com\\\/it\\\/gli-ecrins-attraverso-le-stagioni-qual-e-il-momento-migliore-per-arrivare\\\/\"]}]},{\"@type\":\"ImageObject\",\"inLanguage\":\"it-IT\",\"@id\":\"https:\\\/\\\/www.paysdesecrins.com\\\/it\\\/gli-ecrins-attraverso-le-stagioni-qual-e-il-momento-migliore-per-arrivare\\\/#primaryimage\",\"url\":\"https:\\\/\\\/www.paysdesecrins.com\\\/wp-content\\\/uploads\\\/2025\\\/06\\\/h0a9608-scaled.jpg\",\"contentUrl\":\"https:\\\/\\\/www.paysdesecrins.com\\\/wp-content\\\/uploads\\\/2025\\\/06\\\/h0a9608-scaled.jpg\",\"width\":2560,\"height\":1708,\"caption\":\"Les cr\u00e9dits photo\"},{\"@type\":\"BreadcrumbList\",\"@id\":\"https:\\\/\\\/www.paysdesecrins.com\\\/it\\\/gli-ecrins-attraverso-le-stagioni-qual-e-il-momento-migliore-per-arrivare\\\/#breadcrumb\",\"itemListElement\":[{\"@type\":\"ListItem\",\"position\":1,\"name\":\"Accueil\",\"item\":\"https:\\\/\\\/www.paysdesecrins.com\\\/it\\\/il-titolo-della-casa\\\/\"},{\"@type\":\"ListItem\",\"position\":2,\"name\":\"Gli \u00c9crins attraverso le stagioni: qual \u00e8 il momento migliore per arrivare?\"}]},{\"@type\":\"WebSite\",\"@id\":\"https:\\\/\\\/www.paysdesecrins.com\\\/it\\\/#website\",\"url\":\"https:\\\/\\\/www.paysdesecrins.com\\\/it\\\/\",\"name\":\"Pays des \u00c9crins - Office de Tourisme\",\"description\":\"L&#039;esprit montagne\",\"publisher\":{\"@id\":\"https:\\\/\\\/www.paysdesecrins.com\\\/it\\\/#organization\"},\"potentialAction\":[{\"@type\":\"SearchAction\",\"target\":{\"@type\":\"EntryPoint\",\"urlTemplate\":\"https:\\\/\\\/www.paysdesecrins.com\\\/it\\\/?s={search_term_string}\"},\"query-input\":{\"@type\":\"PropertyValueSpecification\",\"valueRequired\":true,\"valueName\":\"search_term_string\"}}],\"inLanguage\":\"it-IT\"},{\"@type\":\"Organization\",\"@id\":\"https:\\\/\\\/www.paysdesecrins.com\\\/it\\\/#organization\",\"name\":\"Pays des \u00c9crins - Office de Tourisme\",\"url\":\"https:\\\/\\\/www.paysdesecrins.com\\\/it\\\/\",\"logo\":{\"@type\":\"ImageObject\",\"inLanguage\":\"it-IT\",\"@id\":\"https:\\\/\\\/www.paysdesecrins.com\\\/it\\\/#\\\/schema\\\/logo\\\/image\\\/\",\"url\":\"https:\\\/\\\/www.paysdesecrins.com\\\/wp-content\\\/uploads\\\/2025\\\/06\\\/devina-svg-1750845694.svg\",\"contentUrl\":\"https:\\\/\\\/www.paysdesecrins.com\\\/wp-content\\\/uploads\\\/2025\\\/06\\\/devina-svg-1750845694.svg\",\"caption\":\"Pays des \u00c9crins - Office de Tourisme\"},\"image\":{\"@id\":\"https:\\\/\\\/www.paysdesecrins.com\\\/it\\\/#\\\/schema\\\/logo\\\/image\\\/\"}},{\"@type\":\"Person\",\"@id\":\"https:\\\/\\\/www.paysdesecrins.com\\\/it\\\/#\\\/schema\\\/person\\\/a2cc8f415ea2ab78e8bf791a48fb5fb0\",\"name\":\"websenso\",\"sameAs\":[\"http:\\\/\\\/www.paysdesecrins.com\"],\"url\":\"https:\\\/\\\/www.paysdesecrins.com\\\/it\\\/author\\\/websenso\\\/\"}]}<\/script>\n<!-- \/ Yoast SEO plugin. -->","yoast_head_json":{"title":"Gli \u00c9crins attraverso le stagioni: qual \u00e8 il momento migliore per arrivare? - Pays des \u00c9crins - Office de Tourisme","robots":{"index":"index","follow":"follow","max-snippet":"max-snippet:-1","max-image-preview":"max-image-preview:large","max-video-preview":"max-video-preview:-1"},"canonical":"https:\/\/www.paysdesecrins.com\/it\/gli-ecrins-attraverso-le-stagioni-qual-e-il-momento-migliore-per-arrivare\/","og_locale":"it_IT","og_type":"article","og_title":"Gli \u00c9crins attraverso le stagioni: qual \u00e8 il momento migliore per arrivare? - Pays des \u00c9crins - Office de Tourisme","og_url":"https:\/\/www.paysdesecrins.com\/it\/gli-ecrins-attraverso-le-stagioni-qual-e-il-momento-migliore-per-arrivare\/","og_site_name":"Pays des \u00c9crins - Office de Tourisme","article_published_time":"2025-07-16T08:31:55+00:00","article_modified_time":"2025-07-28T14:17:42+00:00","og_image":[{"width":2560,"height":1708,"url":"https:\/\/www.paysdesecrins.com\/wp-content\/uploads\/2025\/06\/h0a9608-scaled.jpg","type":"image\/jpeg"}],"author":"websenso","twitter_card":"summary_large_image","twitter_misc":{"Scritto da":"websenso"},"schema":{"@context":"https:\/\/schema.org","@graph":[{"@type":"Article","@id":"https:\/\/www.paysdesecrins.com\/it\/gli-ecrins-attraverso-le-stagioni-qual-e-il-momento-migliore-per-arrivare\/#article","isPartOf":{"@id":"https:\/\/www.paysdesecrins.com\/it\/gli-ecrins-attraverso-le-stagioni-qual-e-il-momento-migliore-per-arrivare\/"},"author":{"name":"websenso","@id":"https:\/\/www.paysdesecrins.com\/it\/#\/schema\/person\/a2cc8f415ea2ab78e8bf791a48fb5fb0"},"headline":"Gli \u00c9crins attraverso le stagioni: qual \u00e8 il momento migliore per arrivare?","datePublished":"2025-07-16T08:31:55+00:00","dateModified":"2025-07-28T14:17:42+00:00","mainEntityOfPage":{"@id":"https:\/\/www.paysdesecrins.com\/it\/gli-ecrins-attraverso-le-stagioni-qual-e-il-momento-migliore-per-arrivare\/"},"wordCount":19,"publisher":{"@id":"https:\/\/www.paysdesecrins.com\/it\/#organization"},"image":{"@id":"https:\/\/www.paysdesecrins.com\/it\/gli-ecrins-attraverso-le-stagioni-qual-e-il-momento-migliore-per-arrivare\/#primaryimage"},"thumbnailUrl":"https:\/\/www.paysdesecrins.com\/wp-content\/uploads\/2025\/06\/h0a9608-scaled.jpg","inLanguage":"it-IT"},{"@type":"WebPage","@id":"https:\/\/www.paysdesecrins.com\/it\/gli-ecrins-attraverso-le-stagioni-qual-e-il-momento-migliore-per-arrivare\/","url":"https:\/\/www.paysdesecrins.com\/it\/gli-ecrins-attraverso-le-stagioni-qual-e-il-momento-migliore-per-arrivare\/","name":"Gli \u00c9crins attraverso le stagioni: qual \u00e8 il momento migliore per arrivare? - Pays des \u00c9crins - Office de Tourisme","isPartOf":{"@id":"https:\/\/www.paysdesecrins.com\/it\/#website"},"primaryImageOfPage":{"@id":"https:\/\/www.paysdesecrins.com\/it\/gli-ecrins-attraverso-le-stagioni-qual-e-il-momento-migliore-per-arrivare\/#primaryimage"},"image":{"@id":"https:\/\/www.paysdesecrins.com\/it\/gli-ecrins-attraverso-le-stagioni-qual-e-il-momento-migliore-per-arrivare\/#primaryimage"},"thumbnailUrl":"https:\/\/www.paysdesecrins.com\/wp-content\/uploads\/2025\/06\/h0a9608-scaled.jpg","datePublished":"2025-07-16T08:31:55+00:00","dateModified":"2025-07-28T14:17:42+00:00","breadcrumb":{"@id":"https:\/\/www.paysdesecrins.com\/it\/gli-ecrins-attraverso-le-stagioni-qual-e-il-momento-migliore-per-arrivare\/#breadcrumb"},"inLanguage":"it-IT","potentialAction":[{"@type":"ReadAction","target":["https:\/\/www.paysdesecrins.com\/it\/gli-ecrins-attraverso-le-stagioni-qual-e-il-momento-migliore-per-arrivare\/"]}]},{"@type":"ImageObject","inLanguage":"it-IT","@id":"https:\/\/www.paysdesecrins.com\/it\/gli-ecrins-attraverso-le-stagioni-qual-e-il-momento-migliore-per-arrivare\/#primaryimage","url":"https:\/\/www.paysdesecrins.com\/wp-content\/uploads\/2025\/06\/h0a9608-scaled.jpg","contentUrl":"https:\/\/www.paysdesecrins.com\/wp-content\/uploads\/2025\/06\/h0a9608-scaled.jpg","width":2560,"height":1708,"caption":"Les cr\u00e9dits photo"},{"@type":"BreadcrumbList","@id":"https:\/\/www.paysdesecrins.com\/it\/gli-ecrins-attraverso-le-stagioni-qual-e-il-momento-migliore-per-arrivare\/#breadcrumb","itemListElement":[{"@type":"ListItem","position":1,"name":"Accueil","item":"https:\/\/www.paysdesecrins.com\/it\/il-titolo-della-casa\/"},{"@type":"ListItem","position":2,"name":"Gli \u00c9crins attraverso le stagioni: qual \u00e8 il momento migliore per arrivare?"}]},{"@type":"WebSite","@id":"https:\/\/www.paysdesecrins.com\/it\/#website","url":"https:\/\/www.paysdesecrins.com\/it\/","name":"Pays des \u00c9crins - Office de Tourisme","description":"L&#039;esprit montagne","publisher":{"@id":"https:\/\/www.paysdesecrins.com\/it\/#organization"},"potentialAction":[{"@type":"SearchAction","target":{"@type":"EntryPoint","urlTemplate":"https:\/\/www.paysdesecrins.com\/it\/?s={search_term_string}"},"query-input":{"@type":"PropertyValueSpecification","valueRequired":true,"valueName":"search_term_string"}}],"inLanguage":"it-IT"},{"@type":"Organization","@id":"https:\/\/www.paysdesecrins.com\/it\/#organization","name":"Pays des \u00c9crins - Office de Tourisme","url":"https:\/\/www.paysdesecrins.com\/it\/","logo":{"@type":"ImageObject","inLanguage":"it-IT","@id":"https:\/\/www.paysdesecrins.com\/it\/#\/schema\/logo\/image\/","url":"https:\/\/www.paysdesecrins.com\/wp-content\/uploads\/2025\/06\/devina-svg-1750845694.svg","contentUrl":"https:\/\/www.paysdesecrins.com\/wp-content\/uploads\/2025\/06\/devina-svg-1750845694.svg","caption":"Pays des \u00c9crins - Office de Tourisme"},"image":{"@id":"https:\/\/www.paysdesecrins.com\/it\/#\/schema\/logo\/image\/"}},{"@type":"Person","@id":"https:\/\/www.paysdesecrins.com\/it\/#\/schema\/person\/a2cc8f415ea2ab78e8bf791a48fb5fb0","name":"websenso","sameAs":["http:\/\/www.paysdesecrins.com"],"url":"https:\/\/www.paysdesecrins.com\/it\/author\/websenso\/"}]}},"_links":{"self":[{"href":"https:\/\/www.paysdesecrins.com\/it\/wp-json\/wp\/v2\/posts\/46609","targetHints":{"allow":["GET"]}}],"collection":[{"href":"https:\/\/www.paysdesecrins.com\/it\/wp-json\/wp\/v2\/posts"}],"about":[{"href":"https:\/\/www.paysdesecrins.com\/it\/wp-json\/wp\/v2\/types\/post"}],"author":[{"embeddable":true,"href":"https:\/\/www.paysdesecrins.com\/it\/wp-json\/wp\/v2\/users\/1"}],"replies":[{"embeddable":true,"href":"https:\/\/www.paysdesecrins.com\/it\/wp-json\/wp\/v2\/comments?post=46609"}],"version-history":[{"count":0,"href":"https:\/\/www.paysdesecrins.com\/it\/wp-json\/wp\/v2\/posts\/46609\/revisions"}],"wp:featuredmedia":[{"embeddable":true,"href":"https:\/\/www.paysdesecrins.com\/it\/wp-json\/wp\/v2\/media\/93"}],"wp:attachment":[{"href":"https:\/\/www.paysdesecrins.com\/it\/wp-json\/wp\/v2\/media?parent=46609"}],"wp:term":[{"taxonomy":"article_category","embeddable":true,"href":"https:\/\/www.paysdesecrins.com\/it\/wp-json\/wp\/v2\/article_category?post=46609"}],"curies":[{"name":"wp","href":"https:\/\/api.w.org\/{rel}","templated":true}]}}