{"id":46291,"date":"2025-07-25T12:05:41","date_gmt":"2025-07-25T10:05:41","guid":{"rendered":"https:\/\/www.paysdesecrins.com\/hoe-bereid-je-je-nacht-in-een-berghut-en-je-bergwandelingen-voor\/"},"modified":"2025-08-11T11:52:58","modified_gmt":"2025-08-11T09:52:58","slug":"hoe-bereid-je-je-nacht-in-een-berghut-en-je-bergwandelingen-voor","status":"publish","type":"post","link":"https:\/\/www.paysdesecrins.com\/nl\/hoe-bereid-je-je-nacht-in-een-berghut-en-je-bergwandelingen-voor\/","title":{"rendered":"Hoe bereid je je nacht in een berghut en je bergwandelingen voor?"},"content":{"rendered":"    <div class=\"alignfull wp-block-ws-library-ws-header-interne\">\n\t    <div class=\"header-container\">\n\t        <div class=\"group-media has-image\">\n\t            \t                <img loading=\"lazy\" decoding=\"async\" width=\"1600\" height=\"800\" src=\"https:\/\/www.paysdesecrins.com\/wp-content\/uploads\/2025\/07\/refuge-des-e-crins-glacier-1-2-1600x800.jpg\" alt=\"\" class=\"image_large_square wp-image-41983\" \/>\n\t            \t        <\/div>\n\t        <div class=\"group-content\">\n\t            <div class=\"title\">\n\t                <h1>\n\t                    Hoe bereid je je nacht in een berghut en je bergwandelingen voor?\t                    \t                <\/h1>\n\t            <\/div>\n\t        <\/div>\n\t    <\/div>\n\t    \n<div class=\"yoast-breadcrumbs\"><span><span><a href=\"https:\/\/www.paysdesecrins.com\/nl\/de-titel-van-het-huis\/\">Accueil<\/a><\/span>  <span class=\"breadcrumb_last\" aria-current=\"page\">Hoe bereid je je nacht in een berghut en je bergwandelingen voor?<\/span><\/span><\/div>\n    <\/div>\n    \n<div class=\"wp-block-ws-library-ws-title aligncenter is-style-simple\"><h2><em>Hoe voor te bereiden<\/em>Zijn nacht in een toevluchtsoord en zijn wandelingen in de bergen?<\/h2><\/div>\n\n<p class=\"has-text-align-center\">Ga je naar een <strong>berghut<\/strong> en wil je <strong>je uitje voorbereiden<\/strong> zodat alles soepel verloopt?<\/p>\n\n<p>Dan ben je bij ons aan het juiste adres!<\/p>\n\n<p class=\"has-text-align-center\">De Mountain National Parks en de FFCAM geven u hun &#8220;tips en trucs&#8221; om uw bergwandeling voor te bereiden:  <\/p>\n\n<div class=\"wp-block-ws-library-ws-columns alignwide has-2-columns are-vertically-aligned-center layout-5050 is-style-background\">\n<div class=\"wp-block-ws-library-ws-column\"><div class=\"wrapper\">\n<div class=\"wp-block-ws-library-ws-title\"><h3>Bereid je goed voor en rust jezelf uit #1<\/h3><\/div>\n\n\n\n<p><strong>Naar de bergen gaan<\/strong> is nooit triviaal en vereist de juiste uitrusting en voorbereiding. Hetzelfde geldt voor overnachten in een toevluchtsoord&#8230; wat geen hotel is! <\/p>\n<\/div><\/div>\n\n\n\n<div class=\"wp-block-ws-library-ws-column\"><div class=\"wrapper\">\n<p><\/p>\n\n\n\n<div class=\"wp-block-ws-library-ws-video\"><div class=\"wrapper\"><div class=\"group-media\">\n<figure class=\"wp-block-embed is-type-video is-provider-youtube wp-block-embed-youtube\"><div class=\"wp-block-embed__wrapper\">\n<iframe loading=\"lazy\" title=\"R\u00e9ussir son exp\u00e9rience en refuge - Bien se pr\u00e9parer et s&#039;\u00e9quiper # 1\" width=\"500\" height=\"281\" src=\"https:\/\/www.youtube.com\/embed\/WxBVYsDY710?feature=oembed\" frameborder=\"0\" allow=\"accelerometer; autoplay; clipboard-write; encrypted-media; gyroscope; picture-in-picture; web-share\" referrerpolicy=\"strict-origin-when-cross-origin\" allowfullscreen><\/iframe>\n<\/div><\/figure>\n<\/div><\/div><\/div>\n<\/div><\/div>\n<\/div>\n\n<div class=\"wp-block-ws-library-ws-title\"><h3>Samen leven #2<\/h3><\/div>\n\n<p>Een opvangcentrum is een plaats van collectieve opvang. In ruil voor een warm onthaal en een gezellige sfeer moeten enkele specifieke regels gerespecteerd worden! <\/p>\n\n<div class=\"wp-block-ws-library-ws-video\"><div class=\"wrapper\"><div class=\"group-media\">\n<figure class=\"wp-block-embed is-type-video is-provider-youtube wp-block-embed-youtube\"><div class=\"wp-block-embed__wrapper\">\n<iframe loading=\"lazy\" title=\"R\u00e9ussir son exp\u00e9rience en refuge - Savoir vivre ensemble # 2\" width=\"500\" height=\"281\" src=\"https:\/\/www.youtube.com\/embed\/HyYN9T4FzfA?feature=oembed\" frameborder=\"0\" allow=\"accelerometer; autoplay; clipboard-write; encrypted-media; gyroscope; picture-in-picture; web-share\" referrerpolicy=\"strict-origin-when-cross-origin\" allowfullscreen><\/iframe>\n<\/div><\/figure>\n<\/div><\/div><\/div>\n\n<div class=\"wp-block-ws-library-ws-columns alignwide has-2-columns are-vertically-aligned-center layout-5050 is-style-background\">\n<div class=\"wp-block-ws-library-ws-column\"><div class=\"wrapper\">\n<div class=\"wp-block-ws-library-ws-video\"><div class=\"wrapper\"><div class=\"group-media\">\n<figure class=\"wp-block-embed is-type-video is-provider-youtube wp-block-embed-youtube\"><div class=\"wp-block-embed__wrapper\">\n<iframe loading=\"lazy\" title=\"R\u00e9ussir son exp\u00e9rience en refuge - Limiter son impact environnemental # 3\" width=\"500\" height=\"281\" src=\"https:\/\/www.youtube.com\/embed\/wOS1LpBYi48?feature=oembed\" frameborder=\"0\" allow=\"accelerometer; autoplay; clipboard-write; encrypted-media; gyroscope; picture-in-picture; web-share\" referrerpolicy=\"strict-origin-when-cross-origin\" allowfullscreen><\/iframe>\n<\/div><\/figure>\n<\/div><\/div><\/div>\n<\/div><\/div>\n\n\n\n<div class=\"wp-block-ws-library-ws-column\"><div class=\"wrapper\">\n<div class=\"wp-block-ws-library-ws-title\"><h3>Beperk uw impact op het milieu #3<\/h3><\/div>\n\n\n\n<p>Schuilplaatsen zijn van nature gebouwd op afgelegen locaties waar water- en energiebronnen beperkt zijn en waar vuilniswagens niet passeren&#8230;<\/p>\n<\/div><\/div>\n<\/div>\n\n<div class=\"wp-block-ws-library-ws-title\"><h3>Respect voor de regels om de natuur te behouden #4<\/h3><\/div>\n\n<p>De bergen, en meer in het bijzonder het hart van de nationale parken, zijn fragiele plekken, waar iedereen een rol te spelen heeft!<\/p>\n\n<div class=\"wp-block-ws-library-ws-video\"><div class=\"wrapper\"><div class=\"group-media\">\n<figure class=\"wp-block-embed is-type-video is-provider-youtube wp-block-embed-youtube\"><div class=\"wp-block-embed__wrapper\">\n<iframe loading=\"lazy\" title=\"R\u00e9ussir son exp\u00e9rience en refuge - Respecter les r\u00e8gles pour pr\u00e9server la nature # 4\" width=\"500\" height=\"281\" src=\"https:\/\/www.youtube.com\/embed\/UKh28PhUWzk?feature=oembed\" frameborder=\"0\" allow=\"accelerometer; autoplay; clipboard-write; encrypted-media; gyroscope; picture-in-picture; web-share\" referrerpolicy=\"strict-origin-when-cross-origin\" allowfullscreen><\/iframe>\n<\/div><\/figure>\n<\/div><\/div><\/div>\n\n<div class=\"wp-block-ws-library-ws-featured-content\">\n<div class=\"wp-block-ws-library-ws-title\"><h2>Plan uw routes online<\/h2><\/div>\n\n\n\n<p>Ontdek onze <strong>website gewijd aan wandelen in de \u00c9crins<\/strong> en bereid uw volgende uitje zo goed mogelijk voor!<\/p>\n\n\n\n<div class=\"wp-block-ws-library-ws-button has-text-align-left is-style-default\"><a href=\"https:\/\/rando.paysdesecrins.com\/\" class=\"wp-block-button__link wp-element-button btn\">  Alle routes<\/a><\/div>\n<\/div>\n\n<div class=\"wp-block-ws-library-ws-slider alignwide\"><div class=\"splide\" data-splide=\"{\"type\":\"slide\",\"heightRatio\":\"auto\",\"perPage\":4,\"perMove\":1,\"drag\":true,\"pagination\":0,\"autoplay\":false,\"gap\":\"15px\",\"breakpoints\":{\"450\":{\"perPage\":1},\"768\":{\"perPage\":2},\"992\":{\"perPage\":3},\"1200\":{\"perPage\":4}}}\"><div class=\"splide__track\"><div class=\"splide__list\"><div class=\"splide__slide\"><a href=\"https:\/\/www.paysdesecrins.com\/wp-content\/uploads\/2025\/07\/1674817584-1084275632-400x400.jpg\" data-glightbox=\"true\" class=\"lightbox-trigger\"><img decoding=\"async\" src=\"https:\/\/www.paysdesecrins.com\/wp-content\/uploads\/2025\/07\/1674817584-1084275632-400x400.jpg\" alt=\"\"><\/a><\/div><div class=\"splide__slide\"><a href=\"https:\/\/www.paysdesecrins.com\/wp-content\/uploads\/2025\/07\/1674817584-1898331604-400x400.jpg\" data-glightbox=\"true\" class=\"lightbox-trigger\"><img decoding=\"async\" src=\"https:\/\/www.paysdesecrins.com\/wp-content\/uploads\/2025\/07\/1674817584-1898331604-400x400.jpg\" alt=\"\"><\/a><\/div><div class=\"splide__slide\"><a href=\"https:\/\/www.paysdesecrins.com\/wp-content\/uploads\/2025\/07\/1674817584-1984111998-400x400.jpg\" data-glightbox=\"true\" class=\"lightbox-trigger\"><img decoding=\"async\" src=\"https:\/\/www.paysdesecrins.com\/wp-content\/uploads\/2025\/07\/1674817584-1984111998-400x400.jpg\" alt=\"\"><\/a><\/div><\/div><\/div><\/div><\/div>\n\n<div class=\"wp-block-ws-library-ws-share\"><span class=\"share-subtitle\">Vond je deze pagina leuk?<\/span><span class=\"share-title\">Deel het!<\/span><button class=\"ws-share-button wp-element-button\">Deel deze pagina<\/button><\/div>\n","protected":false},"excerpt":{"rendered":"<p>Ga je naar een berghut en wil je je uitje voorbereiden zodat alles soepel verloopt? Dan ben je bij ons [&hellip;]<\/p>\n","protected":false},"author":9,"featured_media":41984,"comment_status":"closed","ping_status":"closed","sticky":false,"template":"","format":"standard","meta":{"_thumbnail_id_2":0,"summer_excerpt":"","season":"","station":"","footnotes":""},"article_category":[3858],"class_list":["post-46291","post","type-post","status-publish","format-standard","has-post-thumbnail","hentry","article_category-in-het-nieuws"],"yoast_head":"<!-- This site is optimized with the Yoast SEO plugin v27.3 - https:\/\/yoast.com\/product\/yoast-seo-wordpress\/ -->\n<title>Hoe bereid je je nacht in een berghut en je bergwandelingen voor? - Pays des \u00c9crins - Office de Tourisme<\/title>\n<meta name=\"robots\" content=\"index, follow, max-snippet:-1, max-image-preview:large, max-video-preview:-1\" \/>\n<link rel=\"canonical\" href=\"https:\/\/www.paysdesecrins.com\/nl\/hoe-bereid-je-je-nacht-in-een-berghut-en-je-bergwandelingen-voor\/\" \/>\n<meta property=\"og:locale\" content=\"nl_NL\" \/>\n<meta property=\"og:type\" content=\"article\" \/>\n<meta property=\"og:title\" content=\"Hoe bereid je je nacht in een berghut en je bergwandelingen voor? - Pays des \u00c9crins - Office de Tourisme\" \/>\n<meta property=\"og:description\" content=\"Ga je naar een berghut en wil je je uitje voorbereiden zodat alles soepel verloopt? Dan ben je bij ons [&hellip;]\" \/>\n<meta property=\"og:url\" content=\"https:\/\/www.paysdesecrins.com\/nl\/hoe-bereid-je-je-nacht-in-een-berghut-en-je-bergwandelingen-voor\/\" \/>\n<meta property=\"og:site_name\" content=\"Pays des \u00c9crins - Office de Tourisme\" \/>\n<meta property=\"article:published_time\" content=\"2025-07-25T10:05:41+00:00\" \/>\n<meta property=\"article:modified_time\" content=\"2025-08-11T09:52:58+00:00\" \/>\n<meta property=\"og:image\" content=\"https:\/\/www.paysdesecrins.com\/wp-content\/uploads\/2025\/07\/refuge-des-e-crins-glacier-1-2.jpg\" \/>\n\t<meta property=\"og:image:width\" content=\"1600\" \/>\n\t<meta property=\"og:image:height\" content=\"880\" \/>\n\t<meta property=\"og:image:type\" content=\"image\/jpeg\" \/>\n<meta name=\"author\" content=\"Antonin Lauro\" \/>\n<meta name=\"twitter:card\" content=\"summary_large_image\" \/>\n<meta name=\"twitter:label1\" content=\"Geschreven door\" \/>\n\t<meta name=\"twitter:data1\" content=\"Antonin Lauro\" \/>\n\t<meta name=\"twitter:label2\" content=\"Geschatte leestijd\" \/>\n\t<meta name=\"twitter:data2\" content=\"1 minuut\" \/>\n<script type=\"application\/ld+json\" class=\"yoast-schema-graph\">{\"@context\":\"https:\\\/\\\/schema.org\",\"@graph\":[{\"@type\":\"Article\",\"@id\":\"https:\\\/\\\/www.paysdesecrins.com\\\/nl\\\/hoe-bereid-je-je-nacht-in-een-berghut-en-je-bergwandelingen-voor\\\/#article\",\"isPartOf\":{\"@id\":\"https:\\\/\\\/www.paysdesecrins.com\\\/nl\\\/hoe-bereid-je-je-nacht-in-een-berghut-en-je-bergwandelingen-voor\\\/\"},\"author\":{\"name\":\"Antonin Lauro\",\"@id\":\"https:\\\/\\\/www.paysdesecrins.com\\\/nl\\\/#\\\/schema\\\/person\\\/d9e622b65674450ccac37b88f9014cd3\"},\"headline\":\"Hoe bereid je je nacht in een berghut en je bergwandelingen voor?\",\"datePublished\":\"2025-07-25T10:05:41+00:00\",\"dateModified\":\"2025-08-11T09:52:58+00:00\",\"mainEntityOfPage\":{\"@id\":\"https:\\\/\\\/www.paysdesecrins.com\\\/nl\\\/hoe-bereid-je-je-nacht-in-een-berghut-en-je-bergwandelingen-voor\\\/\"},\"wordCount\":271,\"publisher\":{\"@id\":\"https:\\\/\\\/www.paysdesecrins.com\\\/nl\\\/#organization\"},\"image\":{\"@id\":\"https:\\\/\\\/www.paysdesecrins.com\\\/nl\\\/hoe-bereid-je-je-nacht-in-een-berghut-en-je-bergwandelingen-voor\\\/#primaryimage\"},\"thumbnailUrl\":\"https:\\\/\\\/www.paysdesecrins.com\\\/wp-content\\\/uploads\\\/2025\\\/07\\\/refuge-des-e-crins-glacier-1-2.jpg\",\"inLanguage\":\"nl-NL\"},{\"@type\":\"WebPage\",\"@id\":\"https:\\\/\\\/www.paysdesecrins.com\\\/nl\\\/hoe-bereid-je-je-nacht-in-een-berghut-en-je-bergwandelingen-voor\\\/\",\"url\":\"https:\\\/\\\/www.paysdesecrins.com\\\/nl\\\/hoe-bereid-je-je-nacht-in-een-berghut-en-je-bergwandelingen-voor\\\/\",\"name\":\"Hoe bereid je je nacht in een berghut en je bergwandelingen voor? - Pays des \u00c9crins - Office de Tourisme\",\"isPartOf\":{\"@id\":\"https:\\\/\\\/www.paysdesecrins.com\\\/nl\\\/#website\"},\"primaryImageOfPage\":{\"@id\":\"https:\\\/\\\/www.paysdesecrins.com\\\/nl\\\/hoe-bereid-je-je-nacht-in-een-berghut-en-je-bergwandelingen-voor\\\/#primaryimage\"},\"image\":{\"@id\":\"https:\\\/\\\/www.paysdesecrins.com\\\/nl\\\/hoe-bereid-je-je-nacht-in-een-berghut-en-je-bergwandelingen-voor\\\/#primaryimage\"},\"thumbnailUrl\":\"https:\\\/\\\/www.paysdesecrins.com\\\/wp-content\\\/uploads\\\/2025\\\/07\\\/refuge-des-e-crins-glacier-1-2.jpg\",\"datePublished\":\"2025-07-25T10:05:41+00:00\",\"dateModified\":\"2025-08-11T09:52:58+00:00\",\"breadcrumb\":{\"@id\":\"https:\\\/\\\/www.paysdesecrins.com\\\/nl\\\/hoe-bereid-je-je-nacht-in-een-berghut-en-je-bergwandelingen-voor\\\/#breadcrumb\"},\"inLanguage\":\"nl-NL\",\"potentialAction\":[{\"@type\":\"ReadAction\",\"target\":[\"https:\\\/\\\/www.paysdesecrins.com\\\/nl\\\/hoe-bereid-je-je-nacht-in-een-berghut-en-je-bergwandelingen-voor\\\/\"]}]},{\"@type\":\"ImageObject\",\"inLanguage\":\"nl-NL\",\"@id\":\"https:\\\/\\\/www.paysdesecrins.com\\\/nl\\\/hoe-bereid-je-je-nacht-in-een-berghut-en-je-bergwandelingen-voor\\\/#primaryimage\",\"url\":\"https:\\\/\\\/www.paysdesecrins.com\\\/wp-content\\\/uploads\\\/2025\\\/07\\\/refuge-des-e-crins-glacier-1-2.jpg\",\"contentUrl\":\"https:\\\/\\\/www.paysdesecrins.com\\\/wp-content\\\/uploads\\\/2025\\\/07\\\/refuge-des-e-crins-glacier-1-2.jpg\",\"width\":1600,\"height\":880},{\"@type\":\"BreadcrumbList\",\"@id\":\"https:\\\/\\\/www.paysdesecrins.com\\\/nl\\\/hoe-bereid-je-je-nacht-in-een-berghut-en-je-bergwandelingen-voor\\\/#breadcrumb\",\"itemListElement\":[{\"@type\":\"ListItem\",\"position\":1,\"name\":\"Accueil\",\"item\":\"https:\\\/\\\/www.paysdesecrins.com\\\/nl\\\/de-titel-van-het-huis\\\/\"},{\"@type\":\"ListItem\",\"position\":2,\"name\":\"Hoe bereid je je nacht in een berghut en je bergwandelingen voor?\"}]},{\"@type\":\"WebSite\",\"@id\":\"https:\\\/\\\/www.paysdesecrins.com\\\/nl\\\/#website\",\"url\":\"https:\\\/\\\/www.paysdesecrins.com\\\/nl\\\/\",\"name\":\"Pays des \u00c9crins - Office de Tourisme\",\"description\":\"L&#039;esprit montagne\",\"publisher\":{\"@id\":\"https:\\\/\\\/www.paysdesecrins.com\\\/nl\\\/#organization\"},\"potentialAction\":[{\"@type\":\"SearchAction\",\"target\":{\"@type\":\"EntryPoint\",\"urlTemplate\":\"https:\\\/\\\/www.paysdesecrins.com\\\/nl\\\/?s={search_term_string}\"},\"query-input\":{\"@type\":\"PropertyValueSpecification\",\"valueRequired\":true,\"valueName\":\"search_term_string\"}}],\"inLanguage\":\"nl-NL\"},{\"@type\":\"Organization\",\"@id\":\"https:\\\/\\\/www.paysdesecrins.com\\\/nl\\\/#organization\",\"name\":\"Pays des \u00c9crins - Office de Tourisme\",\"url\":\"https:\\\/\\\/www.paysdesecrins.com\\\/nl\\\/\",\"logo\":{\"@type\":\"ImageObject\",\"inLanguage\":\"nl-NL\",\"@id\":\"https:\\\/\\\/www.paysdesecrins.com\\\/nl\\\/#\\\/schema\\\/logo\\\/image\\\/\",\"url\":\"https:\\\/\\\/www.paysdesecrins.com\\\/wp-content\\\/uploads\\\/2025\\\/06\\\/devina-svg-1750845694.svg\",\"contentUrl\":\"https:\\\/\\\/www.paysdesecrins.com\\\/wp-content\\\/uploads\\\/2025\\\/06\\\/devina-svg-1750845694.svg\",\"caption\":\"Pays des \u00c9crins - Office de Tourisme\"},\"image\":{\"@id\":\"https:\\\/\\\/www.paysdesecrins.com\\\/nl\\\/#\\\/schema\\\/logo\\\/image\\\/\"}},{\"@type\":\"Person\",\"@id\":\"https:\\\/\\\/www.paysdesecrins.com\\\/nl\\\/#\\\/schema\\\/person\\\/d9e622b65674450ccac37b88f9014cd3\",\"name\":\"Antonin Lauro\",\"url\":\"https:\\\/\\\/www.paysdesecrins.com\\\/nl\\\/author\\\/antonin\\\/\"}]}<\/script>\n<!-- \/ Yoast SEO plugin. -->","yoast_head_json":{"title":"Hoe bereid je je nacht in een berghut en je bergwandelingen voor? - Pays des \u00c9crins - Office de Tourisme","robots":{"index":"index","follow":"follow","max-snippet":"max-snippet:-1","max-image-preview":"max-image-preview:large","max-video-preview":"max-video-preview:-1"},"canonical":"https:\/\/www.paysdesecrins.com\/nl\/hoe-bereid-je-je-nacht-in-een-berghut-en-je-bergwandelingen-voor\/","og_locale":"nl_NL","og_type":"article","og_title":"Hoe bereid je je nacht in een berghut en je bergwandelingen voor? - Pays des \u00c9crins - Office de Tourisme","og_description":"Ga je naar een berghut en wil je je uitje voorbereiden zodat alles soepel verloopt? Dan ben je bij ons [&hellip;]","og_url":"https:\/\/www.paysdesecrins.com\/nl\/hoe-bereid-je-je-nacht-in-een-berghut-en-je-bergwandelingen-voor\/","og_site_name":"Pays des \u00c9crins - Office de Tourisme","article_published_time":"2025-07-25T10:05:41+00:00","article_modified_time":"2025-08-11T09:52:58+00:00","og_image":[{"width":1600,"height":880,"url":"https:\/\/www.paysdesecrins.com\/wp-content\/uploads\/2025\/07\/refuge-des-e-crins-glacier-1-2.jpg","type":"image\/jpeg"}],"author":"Antonin Lauro","twitter_card":"summary_large_image","twitter_misc":{"Geschreven door":"Antonin Lauro","Geschatte leestijd":"1 minuut"},"schema":{"@context":"https:\/\/schema.org","@graph":[{"@type":"Article","@id":"https:\/\/www.paysdesecrins.com\/nl\/hoe-bereid-je-je-nacht-in-een-berghut-en-je-bergwandelingen-voor\/#article","isPartOf":{"@id":"https:\/\/www.paysdesecrins.com\/nl\/hoe-bereid-je-je-nacht-in-een-berghut-en-je-bergwandelingen-voor\/"},"author":{"name":"Antonin Lauro","@id":"https:\/\/www.paysdesecrins.com\/nl\/#\/schema\/person\/d9e622b65674450ccac37b88f9014cd3"},"headline":"Hoe bereid je je nacht in een berghut en je bergwandelingen voor?","datePublished":"2025-07-25T10:05:41+00:00","dateModified":"2025-08-11T09:52:58+00:00","mainEntityOfPage":{"@id":"https:\/\/www.paysdesecrins.com\/nl\/hoe-bereid-je-je-nacht-in-een-berghut-en-je-bergwandelingen-voor\/"},"wordCount":271,"publisher":{"@id":"https:\/\/www.paysdesecrins.com\/nl\/#organization"},"image":{"@id":"https:\/\/www.paysdesecrins.com\/nl\/hoe-bereid-je-je-nacht-in-een-berghut-en-je-bergwandelingen-voor\/#primaryimage"},"thumbnailUrl":"https:\/\/www.paysdesecrins.com\/wp-content\/uploads\/2025\/07\/refuge-des-e-crins-glacier-1-2.jpg","inLanguage":"nl-NL"},{"@type":"WebPage","@id":"https:\/\/www.paysdesecrins.com\/nl\/hoe-bereid-je-je-nacht-in-een-berghut-en-je-bergwandelingen-voor\/","url":"https:\/\/www.paysdesecrins.com\/nl\/hoe-bereid-je-je-nacht-in-een-berghut-en-je-bergwandelingen-voor\/","name":"Hoe bereid je je nacht in een berghut en je bergwandelingen voor? - Pays des \u00c9crins - Office de Tourisme","isPartOf":{"@id":"https:\/\/www.paysdesecrins.com\/nl\/#website"},"primaryImageOfPage":{"@id":"https:\/\/www.paysdesecrins.com\/nl\/hoe-bereid-je-je-nacht-in-een-berghut-en-je-bergwandelingen-voor\/#primaryimage"},"image":{"@id":"https:\/\/www.paysdesecrins.com\/nl\/hoe-bereid-je-je-nacht-in-een-berghut-en-je-bergwandelingen-voor\/#primaryimage"},"thumbnailUrl":"https:\/\/www.paysdesecrins.com\/wp-content\/uploads\/2025\/07\/refuge-des-e-crins-glacier-1-2.jpg","datePublished":"2025-07-25T10:05:41+00:00","dateModified":"2025-08-11T09:52:58+00:00","breadcrumb":{"@id":"https:\/\/www.paysdesecrins.com\/nl\/hoe-bereid-je-je-nacht-in-een-berghut-en-je-bergwandelingen-voor\/#breadcrumb"},"inLanguage":"nl-NL","potentialAction":[{"@type":"ReadAction","target":["https:\/\/www.paysdesecrins.com\/nl\/hoe-bereid-je-je-nacht-in-een-berghut-en-je-bergwandelingen-voor\/"]}]},{"@type":"ImageObject","inLanguage":"nl-NL","@id":"https:\/\/www.paysdesecrins.com\/nl\/hoe-bereid-je-je-nacht-in-een-berghut-en-je-bergwandelingen-voor\/#primaryimage","url":"https:\/\/www.paysdesecrins.com\/wp-content\/uploads\/2025\/07\/refuge-des-e-crins-glacier-1-2.jpg","contentUrl":"https:\/\/www.paysdesecrins.com\/wp-content\/uploads\/2025\/07\/refuge-des-e-crins-glacier-1-2.jpg","width":1600,"height":880},{"@type":"BreadcrumbList","@id":"https:\/\/www.paysdesecrins.com\/nl\/hoe-bereid-je-je-nacht-in-een-berghut-en-je-bergwandelingen-voor\/#breadcrumb","itemListElement":[{"@type":"ListItem","position":1,"name":"Accueil","item":"https:\/\/www.paysdesecrins.com\/nl\/de-titel-van-het-huis\/"},{"@type":"ListItem","position":2,"name":"Hoe bereid je je nacht in een berghut en je bergwandelingen voor?"}]},{"@type":"WebSite","@id":"https:\/\/www.paysdesecrins.com\/nl\/#website","url":"https:\/\/www.paysdesecrins.com\/nl\/","name":"Pays des \u00c9crins - Office de Tourisme","description":"L&#039;esprit montagne","publisher":{"@id":"https:\/\/www.paysdesecrins.com\/nl\/#organization"},"potentialAction":[{"@type":"SearchAction","target":{"@type":"EntryPoint","urlTemplate":"https:\/\/www.paysdesecrins.com\/nl\/?s={search_term_string}"},"query-input":{"@type":"PropertyValueSpecification","valueRequired":true,"valueName":"search_term_string"}}],"inLanguage":"nl-NL"},{"@type":"Organization","@id":"https:\/\/www.paysdesecrins.com\/nl\/#organization","name":"Pays des \u00c9crins - Office de Tourisme","url":"https:\/\/www.paysdesecrins.com\/nl\/","logo":{"@type":"ImageObject","inLanguage":"nl-NL","@id":"https:\/\/www.paysdesecrins.com\/nl\/#\/schema\/logo\/image\/","url":"https:\/\/www.paysdesecrins.com\/wp-content\/uploads\/2025\/06\/devina-svg-1750845694.svg","contentUrl":"https:\/\/www.paysdesecrins.com\/wp-content\/uploads\/2025\/06\/devina-svg-1750845694.svg","caption":"Pays des \u00c9crins - Office de Tourisme"},"image":{"@id":"https:\/\/www.paysdesecrins.com\/nl\/#\/schema\/logo\/image\/"}},{"@type":"Person","@id":"https:\/\/www.paysdesecrins.com\/nl\/#\/schema\/person\/d9e622b65674450ccac37b88f9014cd3","name":"Antonin Lauro","url":"https:\/\/www.paysdesecrins.com\/nl\/author\/antonin\/"}]}},"_links":{"self":[{"href":"https:\/\/www.paysdesecrins.com\/nl\/wp-json\/wp\/v2\/posts\/46291","targetHints":{"allow":["GET"]}}],"collection":[{"href":"https:\/\/www.paysdesecrins.com\/nl\/wp-json\/wp\/v2\/posts"}],"about":[{"href":"https:\/\/www.paysdesecrins.com\/nl\/wp-json\/wp\/v2\/types\/post"}],"author":[{"embeddable":true,"href":"https:\/\/www.paysdesecrins.com\/nl\/wp-json\/wp\/v2\/users\/9"}],"replies":[{"embeddable":true,"href":"https:\/\/www.paysdesecrins.com\/nl\/wp-json\/wp\/v2\/comments?post=46291"}],"version-history":[{"count":0,"href":"https:\/\/www.paysdesecrins.com\/nl\/wp-json\/wp\/v2\/posts\/46291\/revisions"}],"wp:featuredmedia":[{"embeddable":true,"href":"https:\/\/www.paysdesecrins.com\/nl\/wp-json\/wp\/v2\/media\/41984"}],"wp:attachment":[{"href":"https:\/\/www.paysdesecrins.com\/nl\/wp-json\/wp\/v2\/media?parent=46291"}],"wp:term":[{"taxonomy":"article_category","embeddable":true,"href":"https:\/\/www.paysdesecrins.com\/nl\/wp-json\/wp\/v2\/article_category?post=46291"}],"curies":[{"name":"wp","href":"https:\/\/api.w.org\/{rel}","templated":true}]}}